{"id":46485,"date":"2016-04-14T08:35:24","date_gmt":"2016-04-14T11:35:24","guid":{"rendered":"http:\/\/argentinamunicipal.com.ar\/argentina\/?p=46485"},"modified":"2016-04-14T08:35:24","modified_gmt":"2016-04-14T11:35:24","slug":"14-abril-dia-las-americas","status":"publish","type":"post","link":"http:\/\/argentinamunicipal.com.ar\/argentina\/14-abril-dia-las-americas\/","title":{"rendered":"14 de abril D\u00eda de las Am\u00e9ricas"},"content":{"rendered":"<p>El D\u00eda de Am\u00e9rica es una celebraci\u00f3n anual que tiene lugar el 14 de abril en todas las rep\u00fablicas americanas, como s\u00edmbolo de su soberan\u00eda y de su uni\u00f3n voluntaria en una comunidad continental. Cada a\u00f1o, sea por promulgaci\u00f3n presidencial o legislativa, esta efem\u00e9ride es conmemorada en ciudades, pueblos y comunidades.<\/p>\n<p>El primer D\u00eda de las Am\u00e9ricas fue celebrado a lo largo del continente americano en 1931. Se eligi\u00f3 el 14 de abril por ser la fecha de 1890 en que, mediante resoluci\u00f3n de la Primera Conferencia Internacional Americana (celebrada en el Distrito de Columbia, entre octubre de 1889 y abril de 1890), se crearon la Uni\u00f3n de las Rep\u00fablicas Americanas y su secretar\u00eda permanente, la Oficina Comercial de las Rep\u00fablicas Americanas. Estas dieron paso a la Uni\u00f3n Panamericana y finalmente a la actual Organizaci\u00f3n de los Estados Americanos (OEA) en 1948.<\/p>\n<p>Honduras, Guatemala y Hait\u00ed declararon el 14 de abril como fiesta nacional. En estas y otras naciones de la por entonces Uni\u00f3n Panamericana hubo recepciones diplom\u00e1ticas, celebraciones p\u00fablicas y civiles, programas en las escuelas y una gran cantidad de proclamaciones promoviendo los principios del panamericanismo.<\/p>\n<p>Una de esas declaraciones asegur\u00f3 que en el esp\u00edritu del panamericanismo, las naciones de Am\u00e9rica podr\u00edan<\/p>\n<p>reafirmar los ideales de paz y solidaridad continental que todos profesan, fortalecer sus lazos naturales e hist\u00f3ricos y recordar los intereses comunes y aspiraciones que hacen a los pa\u00edses del hemisferio un centro de influencia positiva en el movimiento universal a favor de la paz, la justicia y la ley entre las naciones.<\/p>\n<h6>Fuente:\u00a0wikipedia.org<\/h6>\n","protected":false},"excerpt":{"rendered":"<p>El D\u00eda de Am\u00e9rica es una celebraci\u00f3n anual que tiene lugar el 14 de abril en todas las rep\u00fablicas americanas, como s\u00edmbolo de su soberan\u00eda y de su uni\u00f3n voluntaria en una comunidad continental.<\/p>\n","protected":false},"author":2,"featured_media":46486,"comment_status":"closed","ping_status":"closed","sticky":false,"template":"","format":"standard","meta":{"footnotes":""},"categories":[47],"tags":[57],"class_list":["post-46485","post","type-post","status-publish","format-standard","has-post-thumbnail","hentry","category-fiestas","tag-el-mundo"],"_links":{"self":[{"href":"http:\/\/argentinamunicipal.com.ar\/argentina\/wp-json\/wp\/v2\/posts\/46485","targetHints":{"allow":["GET"]}}],"collection":[{"href":"http:\/\/argentinamunicipal.com.ar\/argentina\/wp-json\/wp\/v2\/posts"}],"about":[{"href":"http:\/\/argentinamunicipal.com.ar\/argentina\/wp-json\/wp\/v2\/types\/post"}],"author":[{"embeddable":true,"href":"http:\/\/argentinamunicipal.com.ar\/argentina\/wp-json\/wp\/v2\/users\/2"}],"replies":[{"embeddable":true,"href":"http:\/\/argentinamunicipal.com.ar\/argentina\/wp-json\/wp\/v2\/comments?post=46485"}],"version-history":[{"count":0,"href":"http:\/\/argentinamunicipal.com.ar\/argentina\/wp-json\/wp\/v2\/posts\/46485\/revisions"}],"wp:featuredmedia":[{"embeddable":true,"href":"http:\/\/argentinamunicipal.com.ar\/argentina\/wp-json\/wp\/v2\/media\/46486"}],"wp:attachment":[{"href":"http:\/\/argentinamunicipal.com.ar\/argentina\/wp-json\/wp\/v2\/media?parent=46485"}],"wp:term":[{"taxonomy":"category","embeddable":true,"href":"http:\/\/argentinamunicipal.com.ar\/argentina\/wp-json\/wp\/v2\/categories?post=46485"},{"taxonomy":"post_tag","embeddable":true,"href":"http:\/\/argentinamunicipal.com.ar\/argentina\/wp-json\/wp\/v2\/tags?post=46485"}],"curies":[{"name":"wp","href":"https:\/\/api.w.org\/{rel}","templated":true}]}}