{"id":46664,"date":"2016-04-18T04:19:49","date_gmt":"2016-04-18T07:19:49","guid":{"rendered":"http:\/\/argentinamunicipal.com.ar\/argentina\/?p=46664"},"modified":"2016-04-18T08:24:14","modified_gmt":"2016-04-18T11:24:14","slug":"46664-2","status":"publish","type":"post","link":"http:\/\/argentinamunicipal.com.ar\/argentina\/46664-2\/","title":{"rendered":"Para Macri, no hubo tarifazo"},"content":{"rendered":"<p>Aunque admiti\u00f3 que \u201cno hay margen para pedir mayores esfuerzos\u201d, el presidente Mauricio Macri rechaz\u00f3 que el aumento de tarifas haya sido para tanto. Responsabiliz\u00f3 al gobierno anterior y a los empresarios por la alta inflaci\u00f3n.<\/p>\n<p>Para combatir la inflaci\u00f3n hay que ser \u201cm\u00e1s austeros, cuidadosos y emitir menos cantidad de pesos\u201d, sostuvo Mauricio Macri en un reportaje otorgado a cinco medios del interior, en el que asegur\u00f3 adem\u00e1s que su gesti\u00f3n no tiene nada que ver con la suba de precios, que atribuy\u00f3 en cambio a medidas del kirchnerismo. \u201cEl gobierno anterior, estando en campa\u00f1a y para sostener un nivel de actividad artificial emiti\u00f3 una cantidad de dinero que aceler\u00f3 la inflaci\u00f3n. Ahora estamos sufriendo las consecuencias de ese semestre de enorme emisi\u00f3n\u201d, argument\u00f3 el Presidente sobre los motivos del alza de precios.<\/p>\n<p>En la entrevista, Macri fue consultado tambi\u00e9n sobre los tarifazos en los servicios p\u00fablicos. \u201cA m\u00ed es al que m\u00e1s le duele cada vez que tenemos que tomar una decisi\u00f3n de un aumento, pero la verdad es que venimos de diez a\u00f1os de mentiras, de alterar el Indec, de hacerles creer a los argentinos que la energ\u00eda era gratis, y la realidad es que cuando hace fr\u00edo o hace calor se corta la luz, y que las empresas que quisieron instalarse en el pa\u00eds no pudieron hacerlo porque no hay m\u00e1s capacidad de energ\u00eda para distribuir. Estamos tratando de revertir un sistema que llev\u00f3 a una aparente mejora, pero que ahora, finalmente sabemos que fue a costa de consumir las joyas de la abuela\u201d, sostuvo el mandatario.<\/p>\n<p>Aunque reconoci\u00f3 que \u201cno hay margen para pedir mayores esfuerzos\u201d, rechaz\u00f3 que el aumento de tarifas haya sido para tanto. \u201cEn el caso de la energ\u00eda, que muchos han calificado como tarifazos tremendos, si vos pagabas energ\u00eda a 8 d\u00f3lares lo llevamos a 20, pero a la Argentina le cuesta 60 en situaciones normales y 180 en los meses pico\u201d.<\/p>\n<p>En esta l\u00ednea, insisti\u00f3 que \u201ctenemos un gran nivel de desfase, de desquicio que se ha venido juntando todos estos a\u00f1os\u201d, por lo que \u201chabr\u00e1 que ir en el tiempo lo m\u00e1s gradual posible logrando equilibrarlo, pero este a\u00f1o no, me parece que ya estamos al l\u00edmite de lo que podemos todos\u201d, reconoci\u00f3.<\/p>\n<p>En otro tramo, Macri cuestion\u00f3, sin mucho \u00e9nfasis, a los empresarios. \u201cEn este proceso de lucha contra la inflaci\u00f3n me hubiera gustado que colaboraran un poco m\u00e1s\u201d. Sin embargo, ratific\u00f3 que a su criterio \u201cla inflaci\u00f3n primariamente siempre es culpa del gobierno\u201d. Y agreg\u00f3 que el gobierno de Cristina Kirchner \u201cfue el que llen\u00f3 de billetes de cien pesos la Argentina\u201d.<\/p>\n<p>\u201cAntes, con un billete de cien pesos te sub\u00edas a un taxi y te dec\u00edan \u2018no lo puedo llevar porque no le puedo dar el cambio\u2019; ahora tal vez no te alcanza para pagar con el mismo billete.\u201d<\/p>\n<p>Consultado sobre la causa en su contra por las offshore y si hubiera evitado integrar una de haber sabido el esc\u00e1ndalo en el que terminar\u00eda involucrado, respondi\u00f3: \u201cNo, para nada\u201d. \u201cUna offshore es una herramienta de inversi\u00f3n y de trabajo, no es algo malo per se\u201d, porque \u201cdepende de para qu\u00e9 se la use\u201d. \u201cPor algo el Banco de la Naci\u00f3n Argentina tiene una cuenta offshore. \u00bfSab\u00edan eso? YPF tiene once offshores. Si vos ten\u00e9s una empresa offshore no declarada, con plata que nadie sabe de d\u00f3nde la sacaste, eso s\u00ed est\u00e1 mal\u201d, se\u00f1al\u00f3 el Presidente.<\/p>\n<p>Macri sostuvo que ya explic\u00f3 \u201ccon claridad lo que pas\u00f3\u201d y reclam\u00f3 \u201cque se transmita\u201d lo que ya dijo \u201chasta tanto la Justicia se expida\u201d.<\/p>\n<p>\u201cFue todo transparente. Yo solamente era director de una sociedad de la cual sal\u00ed en breve tiempo, sociedad que estaba declarada ante la AFIP, no estaba oculta. No siendo accionista no ten\u00eda por qu\u00e9 declararla en mi situaci\u00f3n patrimonial. Hoy todav\u00eda hay periodistas que dicen que yo ten\u00eda cuentas en Panam\u00e1\u201d.<\/p>\n<p>La entrevista conjunta fue realizada por periodistas de El Territorio (Misiones), El Liberal (Santiago del Estero), Diario de Cuyo (Mendoza), La Ma\u00f1ana (Neuqu\u00e9n) y Diario Norte (Chaco).<\/p>\n<h6>fuente: P\u00e1gina 12<\/h6>\n","protected":false},"excerpt":{"rendered":"<p>Aunque admiti\u00f3 que \u201cno hay margen para pedir mayores esfuerzos\u201d, el presidente Mauricio Macri rechaz\u00f3 que el aumento de tarifas haya sido para tanto. Responsabiliz\u00f3 al gobierno anterior y a los empresarios por la alta inflaci\u00f3n.<\/p>\n","protected":false},"author":2,"featured_media":46665,"comment_status":"closed","ping_status":"closed","sticky":false,"template":"","format":"standard","meta":{"footnotes":""},"categories":[8],"tags":[21],"class_list":["post-46664","post","type-post","status-publish","format-standard","has-post-thumbnail","hentry","category-informe-nacional","tag-argentina"],"_links":{"self":[{"href":"http:\/\/argentinamunicipal.com.ar\/argentina\/wp-json\/wp\/v2\/posts\/46664","targetHints":{"allow":["GET"]}}],"collection":[{"href":"http:\/\/argentinamunicipal.com.ar\/argentina\/wp-json\/wp\/v2\/posts"}],"about":[{"href":"http:\/\/argentinamunicipal.com.ar\/argentina\/wp-json\/wp\/v2\/types\/post"}],"author":[{"embeddable":true,"href":"http:\/\/argentinamunicipal.com.ar\/argentina\/wp-json\/wp\/v2\/users\/2"}],"replies":[{"embeddable":true,"href":"http:\/\/argentinamunicipal.com.ar\/argentina\/wp-json\/wp\/v2\/comments?post=46664"}],"version-history":[{"count":0,"href":"http:\/\/argentinamunicipal.com.ar\/argentina\/wp-json\/wp\/v2\/posts\/46664\/revisions"}],"wp:featuredmedia":[{"embeddable":true,"href":"http:\/\/argentinamunicipal.com.ar\/argentina\/wp-json\/wp\/v2\/media\/46665"}],"wp:attachment":[{"href":"http:\/\/argentinamunicipal.com.ar\/argentina\/wp-json\/wp\/v2\/media?parent=46664"}],"wp:term":[{"taxonomy":"category","embeddable":true,"href":"http:\/\/argentinamunicipal.com.ar\/argentina\/wp-json\/wp\/v2\/categories?post=46664"},{"taxonomy":"post_tag","embeddable":true,"href":"http:\/\/argentinamunicipal.com.ar\/argentina\/wp-json\/wp\/v2\/tags?post=46664"}],"curies":[{"name":"wp","href":"https:\/\/api.w.org\/{rel}","templated":true}]}}