{"id":46679,"date":"2016-04-18T08:41:14","date_gmt":"2016-04-18T11:41:14","guid":{"rendered":"http:\/\/argentinamunicipal.com.ar\/argentina\/?p=46679"},"modified":"2016-04-18T08:41:14","modified_gmt":"2016-04-18T11:41:14","slug":"46679-2","status":"publish","type":"post","link":"http:\/\/argentinamunicipal.com.ar\/argentina\/46679-2\/","title":{"rendered":"La Feria del Libro, festival de lectura, del 21 de abril al 9 de mayo"},"content":{"rendered":"<p><span style=\"line-height: 1.5\">La Feria del Libro 2016 ser\u00e1 la edici\u00f3n 42 de este famoso evento de la ciudad. Como en otras ediciones, se encargar\u00e1 de unir en el proceso de lectura a escritores, libros y, por supuesto, a los infinitos lectores.<\/span><\/p>\n<p><span style=\"line-height: 1.5\">Que la Feria del Libro, como se la bautiz\u00f3 popularmente, se apropia de Buenos Aires durante el mes de abril es algo que sabe todo amante de la literatura.<\/span><\/p>\n<p>Como todos los a\u00f1os, la Feria Internacional del Libro se convierte en una peque\u00f1a ciudad dentro de otra m\u00e1s grande, completamente vestida de libros, colores, editoriales, viejos y nuevos escritores, lectores fan\u00e1ticos y muchos otros, novatos incluso, que se acercan a ver de qu\u00e9 se trata.<\/p>\n<p><strong>Libros sin fronteras<\/strong><\/p>\n<p>La Feria adem\u00e1s de ser un hecho cultural es tambi\u00e9n un buen negocio editorial y en este caso ambos objetivos se conjugan arm\u00f3nicamente.<\/p>\n<p>La idea de llegar al coraz\u00f3n de los lectores por parte de las editoriales presentes se vive en cada minuto, ya que la presencia de autores y escritores en contacto con el p\u00fablico es algo que se viene respetando desde los primeros a\u00f1os.<\/p>\n<p>Autores nuevos y viejos, m\u00e1s los cl\u00e1sicos como Borges, Garc\u00eda M\u00e1rquez y Cort\u00e1zar que tambi\u00e9n est\u00e1n presentes, cuidar\u00e1n como lo hacen siempre el esp\u00edritu de la buena literatura. Palabra que para el mes de abril se respira en cada stand, en cada pasillo e incluso en cada caf\u00e9 cercano a Plaza Italia, donde a la famosa Rural han llegado los libros.<\/p>\n<p><strong>El lema de la Feria<\/strong><\/p>\n<p>Desde su nacimiento en el a\u00f1o 1975, la Feria ha tenido distintos lemas para hacer foco en discusiones y diferentes temas.<\/p>\n<p>En esta 42\u00ba edici\u00f3n, el lema de la feria ser\u00e1 \u201cUn futuro con libros\u201d y, adem\u00e1s de disertantes, expositores, escritores y lectores, tambi\u00e9n como ya es rutina se realizar\u00e1 la firma de libros, uno de los rituales m\u00e1s caracter\u00edsticos de la Feria, en el que los propios autores se presentan en los stands para firmar sus obras y tomar contacto con los lectores.<\/p>\n<p>M\u00e1s informaci\u00f3n en el sitio oficial de la Feria del Libro 2016<\/p>\n<h6>Fuente:\u00a0welcomeargentina.com<\/h6>\n","protected":false},"excerpt":{"rendered":"<p>La Feria del Libro 2016 ser\u00e1 la edici\u00f3n 42 de este famoso evento de la ciudad. Como en otras ediciones, se encargar\u00e1 de unir en el proceso de lectura a escritores, libros y, por supuesto, a los infinitos lectores.<\/p>\n","protected":false},"author":2,"featured_media":46680,"comment_status":"closed","ping_status":"closed","sticky":false,"template":"","format":"standard","meta":{"footnotes":""},"categories":[47],"tags":[12],"class_list":["post-46679","post","type-post","status-publish","format-standard","has-post-thumbnail","hentry","category-fiestas","tag-buenos-aires"],"_links":{"self":[{"href":"http:\/\/argentinamunicipal.com.ar\/argentina\/wp-json\/wp\/v2\/posts\/46679","targetHints":{"allow":["GET"]}}],"collection":[{"href":"http:\/\/argentinamunicipal.com.ar\/argentina\/wp-json\/wp\/v2\/posts"}],"about":[{"href":"http:\/\/argentinamunicipal.com.ar\/argentina\/wp-json\/wp\/v2\/types\/post"}],"author":[{"embeddable":true,"href":"http:\/\/argentinamunicipal.com.ar\/argentina\/wp-json\/wp\/v2\/users\/2"}],"replies":[{"embeddable":true,"href":"http:\/\/argentinamunicipal.com.ar\/argentina\/wp-json\/wp\/v2\/comments?post=46679"}],"version-history":[{"count":0,"href":"http:\/\/argentinamunicipal.com.ar\/argentina\/wp-json\/wp\/v2\/posts\/46679\/revisions"}],"wp:featuredmedia":[{"embeddable":true,"href":"http:\/\/argentinamunicipal.com.ar\/argentina\/wp-json\/wp\/v2\/media\/46680"}],"wp:attachment":[{"href":"http:\/\/argentinamunicipal.com.ar\/argentina\/wp-json\/wp\/v2\/media?parent=46679"}],"wp:term":[{"taxonomy":"category","embeddable":true,"href":"http:\/\/argentinamunicipal.com.ar\/argentina\/wp-json\/wp\/v2\/categories?post=46679"},{"taxonomy":"post_tag","embeddable":true,"href":"http:\/\/argentinamunicipal.com.ar\/argentina\/wp-json\/wp\/v2\/tags?post=46679"}],"curies":[{"name":"wp","href":"https:\/\/api.w.org\/{rel}","templated":true}]}}