{"id":4676,"date":"2014-03-23T08:39:32","date_gmt":"2014-03-23T11:39:32","guid":{"rendered":"http:\/\/argentinamunicipal.com.ar\/argentina\/?p=4676"},"modified":"2014-03-23T08:39:32","modified_gmt":"2014-03-23T11:39:32","slug":"el-consumo-se-duplico-en-la-ultima-decada","status":"publish","type":"post","link":"http:\/\/argentinamunicipal.com.ar\/argentina\/el-consumo-se-duplico-en-la-ultima-decada\/","title":{"rendered":"El consumo se duplic\u00f3 en la \u00faltima d\u00e9cada"},"content":{"rendered":"<p><a href=\"http:\/\/argentinamunicipal.com.ar\/argentina\/wp-content\/uploads\/2014\/03\/532e2aa195a35_619_347.jpg\"><img loading=\"lazy\" decoding=\"async\" class=\"aligncenter size-full wp-image-4677\" alt=\"532e2aa195a35_619_347!\" src=\"http:\/\/argentinamunicipal.com.ar\/argentina\/wp-content\/uploads\/2014\/03\/532e2aa195a35_619_347.jpg\" width=\"619\" height=\"347\" srcset=\"http:\/\/argentinamunicipal.com.ar\/argentina\/wp-content\/uploads\/2014\/03\/532e2aa195a35_619_347.jpg 619w, http:\/\/argentinamunicipal.com.ar\/argentina\/wp-content\/uploads\/2014\/03\/532e2aa195a35_619_347-300x168.jpg 300w\" sizes=\"auto, (max-width: 619px) 100vw, 619px\" \/><\/a><\/p>\n<p>Un informe presentado por el Geenap destac\u00f3 que en los \u00faltimos diez a\u00f1os el volumen de venta de los comercios aument\u00f3 un 100% y se mantuvo por encima de la inflaci\u00f3n<\/p>\n<p>Mientras la inflaci\u00f3n acumulada fue de 346,7 por ciento en la \u00faltima d\u00e9cada, las ventas crecieron en cantidades en el mismo lapso entre 472 y 1.565 por ciento, superando ampliamente la variaci\u00f3n de precios, dando cuenta que el consumo nunca se retrajo.<\/p>\n<p>El consumo privado se duplic\u00f3 en los \u00faltimos diez a\u00f1os, lo que signific\u00f3 a su vez un crecimiento de m\u00e1s de 100 por ciento en volumen de las ventas de los comercios, tanto mayoristas como minoristas, destac\u00f3 un informe del Grupo de Estudios de Econom\u00eda Nacional y Popular (GEENaP).<\/p>\n<p>Incluso, en cantidades, las ventas treparon por encima de la inflaci\u00f3n medida por las provincias, que es la que usualmente toman las consultoras para elaborar sus indicadores de precios.<\/p>\n<p>Mientras la inflaci\u00f3n acumulada, de acuerdo al promedio ponderado de los \u00edndices de los institutos provinciales, fue de 346,7 por ciento en la \u00faltima d\u00e9cada, las ventas crecieron en cantidades en el mismo lapso entre 472 y 1.565 por ciento, superando ampliamente la variaci\u00f3n de precios, dando cuenta que el consumo nunca se retrajo.<\/p>\n<p>El an\u00e1lisis subray\u00f3 que la pol\u00edtica econ\u00f3mica instaurada en 2003 por el kirchnerismo, \u201cse tradujo en un incremento del poder adquisitivo de los sectores populares, con un importante impacto en los indicadores de consumo\u201d.<\/p>\n<p>As\u00ed remarc\u00f3 que en estos diez a\u00f1os \u201cse observ\u00f3 un notable crecimiento en las compras de los sectores de menores recursos debido a su mayor propensi\u00f3n a adquirir bienes de primera necesidad y, por ende, destinar buena parte de sus ingresos para tal fin\u201d.<\/p>\n<p>No obstante, puntualiz\u00f3 que \u201cel aumento del consumo no se limit\u00f3 a los alimentos primarios, sino que tambi\u00e9n se vio reflejado en bienes durables como electrodom\u00e9sticos, art\u00edculos tecnol\u00f3gicos, autom\u00f3viles\u201d.<\/p>\n<p>\u201cTal situaci\u00f3n deriv\u00f3 en un importante incentivo para las peque\u00f1as y medianas empresas que encontraron un ingente mercado para desarrollarse y cr\u00e9ditos a tasa subsidiada para poder incrementar su dimensi\u00f3n de negocios y abastecer a esta creciente demanda\u201d, sostuvo el GEENaP.<\/p>\n<p>Del an\u00e1lisis, elaborado en base a datos del Ministerio de Econom\u00eda y las c\u00e1maras que agrupan a los sectores productores de bienes para el mercado interno, se destaca que \u201cen la d\u00e9cada creci\u00f3 la participaci\u00f3n del consumo privado de 66,2 a 69,6 por ciento del total del producto bruto nacional, lo cual implic\u00f3 un aumento de casi 1.000 millones de pesos volcados al mercado interno\u201d.<\/p>\n<p>Del mismo modo, para los sectores de comercio \u201cel impacto positivo fue inmediato ya que todos los distintos rubros mantuvieron una din\u00e1mica de mejora progresiva, y tanto minoristas como mayoristas, crecieron 113 por ciento en sus ventas en la d\u00e9cada, lo que representa casi un 9 anual\u201d.<\/p>\n<p>De acuerdo al an\u00e1lisis, al interior de muchos rubros representativos del consumo de las familias y que son usualmente comerciados en centros de compras, ya sea en bienes durables como no durables.<\/p>\n<p>\u201cDado que el an\u00e1lisis es realizado a lo largo de diez a\u00f1os, suele escucharse de parte de los economistas neoliberales el argumento de que cualquier incremento en las variables econ\u00f3micas que marcan las bondades de nuestro modelo se explican solamente por motivos inflacionarios\u201d, se\u00f1al\u00f3 el GEENaP.<\/p>\n<p>En consecuencia, consider\u00f3 que \u201cun buen mecanismo para rebatir esa falacia es estudiar el aumento en variables sensibles para el bienestar de los argentinos en comparaci\u00f3n al cambio en los precios\u201d.<\/p>\n<p>\u201cPara evitar ataques tangenciales sobre el IPC, por ejemplo, se puede utilizar un promedio ponderado de los \u00edndices de los institutos provinciales; este \u00edndice es usualmente conocido como IPC de las provincias\u201d, precis\u00f3 el informe.<\/p>\n<h6>Fuente: El Patag\u00f3nico<\/h6>\n","protected":false},"excerpt":{"rendered":"<p>Un informe presentado por el Geenap destac\u00f3 que en los \u00faltimos diez a\u00f1os el volumen de venta de los comercios aument\u00f3 un 100% y se mantuvo por encima de la inflaci\u00f3n Mientras la inflaci\u00f3n acumulada fue de 346,7 por ciento en la \u00faltima d\u00e9cada, las ventas crecieron en cantidades en el mismo lapso entre 472<\/p>\n","protected":false},"author":1,"featured_media":4677,"comment_status":"closed","ping_status":"closed","sticky":false,"template":"","format":"standard","meta":{"footnotes":""},"categories":[5],"tags":[21],"class_list":["post-4676","post","type-post","status-publish","format-standard","has-post-thumbnail","hentry","category-informe-economico","tag-argentina"],"_links":{"self":[{"href":"http:\/\/argentinamunicipal.com.ar\/argentina\/wp-json\/wp\/v2\/posts\/4676","targetHints":{"allow":["GET"]}}],"collection":[{"href":"http:\/\/argentinamunicipal.com.ar\/argentina\/wp-json\/wp\/v2\/posts"}],"about":[{"href":"http:\/\/argentinamunicipal.com.ar\/argentina\/wp-json\/wp\/v2\/types\/post"}],"author":[{"embeddable":true,"href":"http:\/\/argentinamunicipal.com.ar\/argentina\/wp-json\/wp\/v2\/users\/1"}],"replies":[{"embeddable":true,"href":"http:\/\/argentinamunicipal.com.ar\/argentina\/wp-json\/wp\/v2\/comments?post=4676"}],"version-history":[{"count":0,"href":"http:\/\/argentinamunicipal.com.ar\/argentina\/wp-json\/wp\/v2\/posts\/4676\/revisions"}],"wp:featuredmedia":[{"embeddable":true,"href":"http:\/\/argentinamunicipal.com.ar\/argentina\/wp-json\/wp\/v2\/media\/4677"}],"wp:attachment":[{"href":"http:\/\/argentinamunicipal.com.ar\/argentina\/wp-json\/wp\/v2\/media?parent=4676"}],"wp:term":[{"taxonomy":"category","embeddable":true,"href":"http:\/\/argentinamunicipal.com.ar\/argentina\/wp-json\/wp\/v2\/categories?post=4676"},{"taxonomy":"post_tag","embeddable":true,"href":"http:\/\/argentinamunicipal.com.ar\/argentina\/wp-json\/wp\/v2\/tags?post=4676"}],"curies":[{"name":"wp","href":"https:\/\/api.w.org\/{rel}","templated":true}]}}