{"id":4684,"date":"2014-03-23T08:52:43","date_gmt":"2014-03-23T11:52:43","guid":{"rendered":"http:\/\/argentinamunicipal.com.ar\/argentina\/?p=4684"},"modified":"2014-03-23T08:52:43","modified_gmt":"2014-03-23T11:52:43","slug":"el-ejecutivo-de-parana-ofrecio-redistribuir-el-aumento-20-por-ciento-en-marzo-y-76-en-agosto","status":"publish","type":"post","link":"http:\/\/argentinamunicipal.com.ar\/argentina\/el-ejecutivo-de-parana-ofrecio-redistribuir-el-aumento-20-por-ciento-en-marzo-y-76-en-agosto\/","title":{"rendered":"El Ejecutivo de Paran\u00e1 ofreci\u00f3 redistribuir el aumento: 20 por ciento en marzo y 7,6 en agosto"},"content":{"rendered":"<p style=\"text-align: center\"><a href=\"http:\/\/argentinamunicipal.com.ar\/argentina\/wp-content\/uploads\/2014\/03\/municipalidad-parana.jpg\"><img loading=\"lazy\" decoding=\"async\" class=\"size-full wp-image-4685 aligncenter\" alt=\"municipalidad parana\" src=\"http:\/\/argentinamunicipal.com.ar\/argentina\/wp-content\/uploads\/2014\/03\/municipalidad-parana.jpg\" width=\"640\" height=\"360\" srcset=\"http:\/\/argentinamunicipal.com.ar\/argentina\/wp-content\/uploads\/2014\/03\/municipalidad-parana.jpg 640w, http:\/\/argentinamunicipal.com.ar\/argentina\/wp-content\/uploads\/2014\/03\/municipalidad-parana-300x168.jpg 300w\" sizes=\"auto, (max-width: 640px) 100vw, 640px\" \/><\/a><\/p>\n<p>Se realiz\u00f3 este s\u00e1bado otra reuni\u00f3n paritaria entre los sindicatos municipales y la intendencia de Paran\u00e1. El Ejecutivo municipal ofreci\u00f3 el mismo porcentaje de aumento (27,6) pero distribuido de diferente manera.\u00a0Desde los gremios adelantaron que la propuesta es insuficiente. La negociaci\u00f3n contin\u00faa.<\/p>\n<p>El Departamento Ejecutivo Municipal mantuvo una nueva reuni\u00f3n esta ma\u00f1ana con los representantes de los sindicatos que nuclean a trabajadores municipales, en Secretar\u00eda de Hacienda. Las entidades gremiales evaluar\u00e1n la nueva propuesta presentada.<\/p>\n<p>Del encuentro participaron representantes del Sindicato Uni\u00f3n Obreros y Empleados Municipales (Suoyem), Obras Sanitarias, Asociaci\u00f3n Trabajadores del Estado (ATE) y Asociaci\u00f3n Personal Superior (APS).<\/p>\n<p>Al respecto, el subsecretario legal y Administrativo, Dante Molina, inform\u00f3 que se pas\u00f3 a un cuarto intermedio en la negociaci\u00f3n. \u201cSeguimos discutiendo la propuesta salarial. En este momento nosotros volvimos a acercar el porcentaje en lo que ser\u00eda la recomposici\u00f3n de marzo, teniendo en cuenta lo que los gremios reclamaban en reuniones anteriores y que era que esto repercutiera en el bolsillo de los trabajadores de forma diferente\u201d, explic\u00f3.<\/p>\n<p>La propuesta consisti\u00f3 en el aumento en dos tramos para sueldos b\u00e1sicos, m\u00ednimo garantizado y c\u00f3digo 58, con variaci\u00f3n en los porcentajes. A diferencia de la instancia de encuentro anterior, el DEM ofreci\u00f3 abonar el 20% en marzo y un 6% en agosto y respecto del Presentismo, el incremento consistir\u00eda en pasar del 20% de la categor\u00eda 19 ofrecido en el encuentro del jueves, al 22%.<\/p>\n<p>El secretario General la Asociaci\u00f3n del Personal Superior (APS), Oscar Milocco, al t\u00e9rmino de la audiencia, se\u00f1al\u00f3 que el ofrecimiento del Ejecutivo \u201cfue pr\u00e1cticamente lo mismo\u00bb aunque redistribuido y remarc\u00f3 que la postura del gremio es insistir con el aumento del 40%\u201d.<\/p>\n<p>Respecto a los pasos a seguir, Milocco indic\u00f3 a APF que lo ofrecido \u201cse bajar\u00e1 a las bases\u201d pero estim\u00f3 que \u201cpor lo que se plant\u00f3 en la \u00faltima reuni\u00f3n, no va a ser aceptado. Los otros gremios tienen posiciones similares\u00bb, agreg\u00f3<\/p>\n<h3>Contin\u00faa la negociaci\u00f3n<\/h3>\n<p>Molina indic\u00f3 que \u201cen principio, esta propuesta se discuti\u00f3, se pretenden agregar algunas otras cuestiones que es lo que se ha manifestado y lo que ahora estamos plasmando en un acta. Hemos hecho nuestras diferentes propuestas, este 20% es una cuesti\u00f3n inicial para el mes de marzo y adem\u00e1s se est\u00e1 proponiendo el tratamiento de ciertos c\u00f3digos que desde los gremios entienden que son importantes regularizarlos\u201d.<\/p>\n<p>Finalmente, agreg\u00f3, \u201centendemos que todos estamos para beneficiar, para defender los intereses de los trabajadores municipales, y en ese sentido estamos poniendo much\u00edsimo esfuerzo\u201d.<\/p>\n<h6>Fuente: Diario UNO \/ El Once Digitl<\/h6>\n","protected":false},"excerpt":{"rendered":"<p>Se realiz\u00f3 este s\u00e1bado otra reuni\u00f3n paritaria entre los sindicatos municipales y la intendencia de Paran\u00e1. El Ejecutivo municipal ofreci\u00f3 el mismo porcentaje de aumento (27,6) pero distribuido de diferente manera.\u00a0Desde los gremios adelantaron que la propuesta es insuficiente. La negociaci\u00f3n contin\u00faa. El Departamento Ejecutivo Municipal mantuvo una nueva reuni\u00f3n esta ma\u00f1ana con los representantes<\/p>\n","protected":false},"author":1,"featured_media":4685,"comment_status":"closed","ping_status":"closed","sticky":false,"template":"","format":"standard","meta":{"footnotes":""},"categories":[7],"tags":[17],"class_list":["post-4684","post","type-post","status-publish","format-standard","has-post-thumbnail","hentry","category-informe-sindical","tag-entre-rios"],"_links":{"self":[{"href":"http:\/\/argentinamunicipal.com.ar\/argentina\/wp-json\/wp\/v2\/posts\/4684","targetHints":{"allow":["GET"]}}],"collection":[{"href":"http:\/\/argentinamunicipal.com.ar\/argentina\/wp-json\/wp\/v2\/posts"}],"about":[{"href":"http:\/\/argentinamunicipal.com.ar\/argentina\/wp-json\/wp\/v2\/types\/post"}],"author":[{"embeddable":true,"href":"http:\/\/argentinamunicipal.com.ar\/argentina\/wp-json\/wp\/v2\/users\/1"}],"replies":[{"embeddable":true,"href":"http:\/\/argentinamunicipal.com.ar\/argentina\/wp-json\/wp\/v2\/comments?post=4684"}],"version-history":[{"count":0,"href":"http:\/\/argentinamunicipal.com.ar\/argentina\/wp-json\/wp\/v2\/posts\/4684\/revisions"}],"wp:featuredmedia":[{"embeddable":true,"href":"http:\/\/argentinamunicipal.com.ar\/argentina\/wp-json\/wp\/v2\/media\/4685"}],"wp:attachment":[{"href":"http:\/\/argentinamunicipal.com.ar\/argentina\/wp-json\/wp\/v2\/media?parent=4684"}],"wp:term":[{"taxonomy":"category","embeddable":true,"href":"http:\/\/argentinamunicipal.com.ar\/argentina\/wp-json\/wp\/v2\/categories?post=4684"},{"taxonomy":"post_tag","embeddable":true,"href":"http:\/\/argentinamunicipal.com.ar\/argentina\/wp-json\/wp\/v2\/tags?post=4684"}],"curies":[{"name":"wp","href":"https:\/\/api.w.org\/{rel}","templated":true}]}}