{"id":46860,"date":"2016-04-21T06:25:03","date_gmt":"2016-04-21T09:25:03","guid":{"rendered":"http:\/\/argentinamunicipal.com.ar\/argentina\/?p=46860"},"modified":"2016-04-21T06:25:03","modified_gmt":"2016-04-21T09:25:03","slug":"municipio-echeverria-accedio-debatir-convenio-colectivo-stmee","status":"publish","type":"post","link":"http:\/\/argentinamunicipal.com.ar\/argentina\/municipio-echeverria-accedio-debatir-convenio-colectivo-stmee\/","title":{"rendered":"Municipio de Echeverr\u00eda accedi\u00f3 a debatir el Convenio Colectivo con el STMEE"},"content":{"rendered":"<p><span style=\"line-height: 1.5\">Fue en el marco de una audiencia en el Ministerio de Trabajo bonaerense. \u201cYa hay un reconocimiento de la ley y nos deja tranquilos. Es un gran paso\u201d, resaltaron desde el Sindicato.<\/span><\/p>\n<p>\u201cCelebramos que la Municipalidad haya reconocido la Ley 14.656, que no la ven\u00eda reconociendo, y que ahora vamos a sentarnos a debatir y a constituir un Convenio Colectivo de Trabajo\u201d, destac\u00f3 el secretario general del Sindicato de Trabajadores Municipales de Esteban Echeverr\u00eda (STMEE), Adri\u00e1n Gouin.<\/p>\n<p>En di\u00e1logo con Info Regi\u00f3n, el gremialista marc\u00f3 que \u201cva a ser largo y seguramente habr\u00e1 que discutir much\u00edsimo cada punto del acuerdo\u201d.<\/p>\n<p>\u201cPor supuesto que vamos a pedir todo lo que est\u00e1 dentro de la 14.656 en la parte supletoria y desde esa base, hay que charlar la antig\u00fcedad de los trabajadores municipales, la reestructuraci\u00f3n salarial, hay que ponernos de acuerdo en la carrera municipal y hospitalaria, tambi\u00e9n en todo lo que son los ascensos y el ingreso a la Municipalidad. La ley deja muy claro que tiene que ser a trav\u00e9s de ciertos requisitos\u201d, apunt\u00f3 Gouin.<\/p>\n<p>Asimismo, el titular del STMEE destac\u00f3: \u201cHemos abierto el juego para que todos los gremios se puedan sentar, ya sea ATE, los m\u00e9dicos (CICOP) o el otro gremio municipal (SOEMEE). Lo que tienen que presentar es la personer\u00eda gremial\u201d.<\/p>\n<p>\u201cYa hay un reconocimiento de la ley y a nosotros nos deja tranquilos. Es un gran paso que hemos dado, justamente en un momento en el que est\u00e1bamos en plena pelea\u201d, resalt\u00f3.<\/p>\n<p>Conflicto por delegado despedido. El 7 de abril fue cesanteado el empleado municipal Jorge Tula que desde el STMEE aseguran que es delegado gremial. Desde el Sindicato realizaron protestas para reclamar su reincorporaci\u00f3n pero hasta el momento esto no ocurri\u00f3.<\/p>\n<p>\u201cEl compa\u00f1ero es contratado y cuando lo dan de baja nosotros les decimos que es delegado, que no lo pueden echar, pero no es reconocido como delegado porque la Municipalidad no quiere. As\u00ed que el reclamo sigue\u201d, se\u00f1al\u00f3 Gouin.<\/p>\n<h6>Fuente: InfoRegi\u00f3n<\/h6>\n","protected":false},"excerpt":{"rendered":"<p>Fue en el marco de una audiencia en el Ministerio de Trabajo bonaerense. \u201cYa hay un reconocimiento de la ley y nos deja tranquilos. Es un gran paso\u201d, resaltaron desde el Sindicato.<\/p>\n","protected":false},"author":2,"featured_media":46861,"comment_status":"closed","ping_status":"closed","sticky":false,"template":"","format":"standard","meta":{"footnotes":""},"categories":[7],"tags":[12],"class_list":["post-46860","post","type-post","status-publish","format-standard","has-post-thumbnail","hentry","category-informe-sindical","tag-buenos-aires"],"_links":{"self":[{"href":"http:\/\/argentinamunicipal.com.ar\/argentina\/wp-json\/wp\/v2\/posts\/46860","targetHints":{"allow":["GET"]}}],"collection":[{"href":"http:\/\/argentinamunicipal.com.ar\/argentina\/wp-json\/wp\/v2\/posts"}],"about":[{"href":"http:\/\/argentinamunicipal.com.ar\/argentina\/wp-json\/wp\/v2\/types\/post"}],"author":[{"embeddable":true,"href":"http:\/\/argentinamunicipal.com.ar\/argentina\/wp-json\/wp\/v2\/users\/2"}],"replies":[{"embeddable":true,"href":"http:\/\/argentinamunicipal.com.ar\/argentina\/wp-json\/wp\/v2\/comments?post=46860"}],"version-history":[{"count":0,"href":"http:\/\/argentinamunicipal.com.ar\/argentina\/wp-json\/wp\/v2\/posts\/46860\/revisions"}],"wp:featuredmedia":[{"embeddable":true,"href":"http:\/\/argentinamunicipal.com.ar\/argentina\/wp-json\/wp\/v2\/media\/46861"}],"wp:attachment":[{"href":"http:\/\/argentinamunicipal.com.ar\/argentina\/wp-json\/wp\/v2\/media?parent=46860"}],"wp:term":[{"taxonomy":"category","embeddable":true,"href":"http:\/\/argentinamunicipal.com.ar\/argentina\/wp-json\/wp\/v2\/categories?post=46860"},{"taxonomy":"post_tag","embeddable":true,"href":"http:\/\/argentinamunicipal.com.ar\/argentina\/wp-json\/wp\/v2\/tags?post=46860"}],"curies":[{"name":"wp","href":"https:\/\/api.w.org\/{rel}","templated":true}]}}