{"id":46893,"date":"2016-04-21T05:29:20","date_gmt":"2016-04-21T08:29:20","guid":{"rendered":"http:\/\/argentinamunicipal.com.ar\/argentina\/?p=46893"},"modified":"2016-04-21T07:30:04","modified_gmt":"2016-04-21T10:30:04","slug":"avanza-la-ley-anti-despidos-congreso-gobierno-ya-aviso-no-la-implementara","status":"publish","type":"post","link":"http:\/\/argentinamunicipal.com.ar\/argentina\/avanza-la-ley-anti-despidos-congreso-gobierno-ya-aviso-no-la-implementara\/","title":{"rendered":"Avanza la ley anti despidos en el Congreso, pero el Gobierno ya avis\u00f3 que no la implementar\u00e1"},"content":{"rendered":"<p>La oposici\u00f3n firm\u00f3 dictamen de mayor\u00eda\u00a0para aprobar un proyecto de ley que\u00a0proh\u00edbe echar trabajadores y el ministro de Trabajo anticip\u00f3 que el Gobierno no est\u00e1 de acuerdo.<\/p>\n<p><span style=\"line-height: 1.5\">En medio de la ola de despidos en todo el pa\u00eds, la oposici\u00f3n en la Comisi\u00f3n de Legislaci\u00f3n del Trabajo se uni\u00f3 para aprobar un proyecto de ley que proh\u00edbe echar trabajadores hasta el 31 de diciembre de 2017, habilita la doble indemnizaci\u00f3n hasta esa fecha y obliga a reincorporar a los cesanteados desde marzo pasado.<\/span><\/p>\n<p>As\u00ed lo resolvieron los diputados del Frente para la Victoria, el Frente Renovador, el bloque Justicialista, del Partido Socialista, Unidos por una Nueva Argentina,Partido Socialista y Chubut Somos Todos, pese a la voluntad de la alianza oficialista Cambiemos (Pro, UCR y Coalici\u00f3n C\u00edvica), que firmaron un dictamen alternativo luego de intentar en vano postergar la firma de despachos.<\/p>\n<p><span style=\"line-height: 1.5\">El proyecto proh\u00edbe echar trabajadores hasta el 31 de diciembre de 2017<\/span><\/p>\n<p><span style=\"line-height: 1.5\">N\u00e9stor Pitrola, del Frente de Izquierda, firm\u00f3 un dictamen de minor\u00eda pero adelant\u00f3 que votar\u00e1 junto a la mayor\u00eda. En tanto, llam\u00f3 la atenci\u00f3n la ausencia de la diputada Myriam Ju\u00e1rez (Frente C\u00edvico y Social de Catamarca), que integra la alianza oficialista pero responde al sindicalista Ger\u00f3nimo \u00abMomo\u00bb Venegas, hoy cercano a l\u00edder de la CGT Azopardo, Hugo Moyano.<\/span><\/p>\n<p>Para poder ser votado en el recinto el proyecto deber\u00e1 ser aprobado antes por laComisi\u00f3n de Presupuesto y Hacienda, que preside el macrista Luciano Laspina. Atento a que la voluntad del oficialismo es no avanzar con el tema, toda la oposici\u00f3n le enviar\u00e1 una nota al diputado santafesino parar que trate de manera \u00aburgente\u00bb la iniciativa.<\/p>\n<p>La propuesta, consensuada por los bloques de la oposici\u00f3n, ratifica la \u00abemergencia ocupacional nacional\u00bb decretada por el ex presidente Eduardo Duhalde en 2002 y prorrogada en sucesivas oportunidades por el Poder Ejecutivo y el Congreso durante la era kirchnerista.<\/p>\n<p><strong><span style=\"line-height: 1.5\">El rechazo del Gobierno<\/span><\/strong><\/p>\n<p>Por su parte, el ministro de Trabajo, Jorge Triaca, critic\u00f3 hoy los proyectos de la oposici\u00f3n y advirti\u00f3 que esas iniciativas \u00abno ayudan\u00bb a crear nuevos empleos.<\/p>\n<p>\u00abTenemos que proponer mejores alternativas para mejorar la empleabilidad\u00bb, afirm\u00f3 el funcionario en una conferencia de prensa que brind\u00f3 junto con la ministra de Desarrollo Social, Carolina Stanley.<\/p>\n<p><span style=\"line-height: 1.5\">\u00abLos proyectos que est\u00e1n present\u00e1ndose no ayudan en este momento\u00bb<\/span><\/p>\n<p><span style=\"line-height: 1.5\">Triaca sostuvo que el Gobierno est\u00e1 \u00abhaciendo todos los esfuerzos para sostener el nivel de empleo\u00bb y \u00abgenerar nuevos puestos\u00bb. Y anunci\u00f3 que se va a presentar un proyecto en el Congreso para dar beneficios a la generaci\u00f3n del \u00abprimer empleo\u00bb, destinado a los j\u00f3venes.<\/span><\/p>\n<p>\u00abLos proyectos que est\u00e1n present\u00e1ndose en el Senado y en Diputados no ayudan en este momento a mejorar la empleabilidad de la gente\u00bb, dijo, tajante.<\/p>\n<h6>Fuente: InfoNews<\/h6>\n","protected":false},"excerpt":{"rendered":"<p>La oposici\u00f3n firm\u00f3 dictamen de mayor\u00eda para aprobar un proyecto de ley que proh\u00edbe echar trabajadores y el ministro de Trabajo anticip\u00f3 que el Gobierno no est\u00e1 de acuerdo.<\/p>\n","protected":false},"author":2,"featured_media":46894,"comment_status":"closed","ping_status":"closed","sticky":false,"template":"","format":"standard","meta":{"footnotes":""},"categories":[8],"tags":[21],"class_list":["post-46893","post","type-post","status-publish","format-standard","has-post-thumbnail","hentry","category-informe-nacional","tag-argentina"],"_links":{"self":[{"href":"http:\/\/argentinamunicipal.com.ar\/argentina\/wp-json\/wp\/v2\/posts\/46893","targetHints":{"allow":["GET"]}}],"collection":[{"href":"http:\/\/argentinamunicipal.com.ar\/argentina\/wp-json\/wp\/v2\/posts"}],"about":[{"href":"http:\/\/argentinamunicipal.com.ar\/argentina\/wp-json\/wp\/v2\/types\/post"}],"author":[{"embeddable":true,"href":"http:\/\/argentinamunicipal.com.ar\/argentina\/wp-json\/wp\/v2\/users\/2"}],"replies":[{"embeddable":true,"href":"http:\/\/argentinamunicipal.com.ar\/argentina\/wp-json\/wp\/v2\/comments?post=46893"}],"version-history":[{"count":0,"href":"http:\/\/argentinamunicipal.com.ar\/argentina\/wp-json\/wp\/v2\/posts\/46893\/revisions"}],"wp:featuredmedia":[{"embeddable":true,"href":"http:\/\/argentinamunicipal.com.ar\/argentina\/wp-json\/wp\/v2\/media\/46894"}],"wp:attachment":[{"href":"http:\/\/argentinamunicipal.com.ar\/argentina\/wp-json\/wp\/v2\/media?parent=46893"}],"wp:term":[{"taxonomy":"category","embeddable":true,"href":"http:\/\/argentinamunicipal.com.ar\/argentina\/wp-json\/wp\/v2\/categories?post=46893"},{"taxonomy":"post_tag","embeddable":true,"href":"http:\/\/argentinamunicipal.com.ar\/argentina\/wp-json\/wp\/v2\/tags?post=46893"}],"curies":[{"name":"wp","href":"https:\/\/api.w.org\/{rel}","templated":true}]}}