{"id":46905,"date":"2016-04-21T05:53:04","date_gmt":"2016-04-21T08:53:04","guid":{"rendered":"http:\/\/argentinamunicipal.com.ar\/argentina\/?p=46905"},"modified":"2016-04-21T08:03:38","modified_gmt":"2016-04-21T11:03:38","slug":"46905-2","status":"publish","type":"post","link":"http:\/\/argentinamunicipal.com.ar\/argentina\/46905-2\/","title":{"rendered":"Seg\u00fan encuesta, el 67% de la gente consultada cree que la situaci\u00f3n econ\u00f3mica es negativa"},"content":{"rendered":"<p>La percepci\u00f3n negativa de la econom\u00eda creci\u00f3 13,6% desde diciembre del a\u00f1o pasado a abril de este a\u00f1o de acuerdo con el relevamiento realizado sobre la base de 1200 casos de mayores de 16 a\u00f1os.<\/p>\n<p>El 67% de las personas consultadas cree que la situaci\u00f3n econ\u00f3mica actual es entre mala y muy mala, y s\u00f3lo el 8,4% opina que el gobierno de Mauricio Macri privilegia a los sectores m\u00e1s humildes.<br \/>\nDe acuerdo con un sondeo de la consultora Ibar\u00f3metro, el 41,5% de los encuestados considera que la situaci\u00f3n es mala, mientras que el 25,2% cree que es muy mala.<\/p>\n<p><span style=\"line-height: 1.5\">La percepci\u00f3n negativa de la econom\u00eda creci\u00f3 13,6% desde <\/span><span style=\"line-height: 1.5\">diciembre del a\u00f1o pasado a abril de este a\u00f1o, de acuerdo con el <\/span><span style=\"line-height: 1.5\">relevamiento realizado sobre la base de 1.200 casos de mayores de 16 a\u00f1os, relevados a nivel nacional.<\/span><\/p>\n<p>Con relaci\u00f3n al origen e impacto de los aumentos implementados por el Gobierno la opini\u00f3n p\u00fablica luce empatada: por un lado el 46% considera que los aumentos eran medidas \u00abnecesarias\u00bb impuestas por la \u00abherencia recibida\u00bb.<\/p>\n<p>Por otra parte, un 47% sostiene que se trata decisiones adoptadas por el gobierno en el marco de su propio programa<br \/>\necon\u00f3mico.<\/p>\n<p>\u00abCon respecto al impacto en el mediano plazo, tambi\u00e9n surgen opiniones divergentes en proporciones similares, aunque acompa\u00f1adas de mayor incertidumbre\u00bb, agreg\u00f3 la entidad.<\/p>\n<p>Los problemas socioecon\u00f3micos representan la principal preocupaci\u00f3n de los argentinos (45,5%) y dentro de este conjunto, las inquietudes asociadas al desempleo son las que exhiben el mayor crecimiento desde febrero.<\/p>\n<p>Detr\u00e1s de las preocupaciones econ\u00f3micas, la corrupci\u00f3n aparece como el principal problema para el 24,4%; elecci\u00f3n m\u00e1s extendida entre quienes aprueban al Gobierno Nacional.<\/p>\n<p>Respecto del perfil social del macrismo, las opiniones se encuentran fuertemente segmentadas en funci\u00f3n del posicionamiento pol\u00edtico general frente al Gobierno: 9 de cada 10 opositores\u00a0perciben un Gobierno fuertemente sesgado hacia los sectores m\u00e1s privilegiados.<\/p>\n<p>Por el contrario, los oficialistas ponen el foco sobre la clase media, agreg\u00f3 el estudio de Ibar\u00f3metro.<\/p>\n<p>\u00abLa aprobaci\u00f3n del Gobierno Nacional se sostiene fundamentalmente sobre su condici\u00f3n de alternativa al<br \/>\nkirchnerismo\u00bb, sintetiz\u00f3 la compa\u00f1\u00eda.<\/p>\n<p>Consider\u00f3 que \u00abpor el momento las razones vinculadas a la gesti\u00f3n y a las medidas de Gobierno ocupan un lugar secundario a la hora de explicar las valoraciones positivas que suscita el oficialismo\u00bb.<\/p>\n<h6>fuente: La Ma\u00f1ana de C\u00f3rdoba<\/h6>\n","protected":false},"excerpt":{"rendered":"<p>La percepci\u00f3n negativa de la econom\u00eda creci\u00f3 13,6% desde diciembre del a\u00f1o pasado a abril de este a\u00f1o de acuerdo con el relevamiento realizado sobre la base de 1200 casos de mayores de 16 a\u00f1os.<\/p>\n","protected":false},"author":2,"featured_media":46906,"comment_status":"closed","ping_status":"closed","sticky":false,"template":"","format":"standard","meta":{"footnotes":""},"categories":[8],"tags":[21],"class_list":["post-46905","post","type-post","status-publish","format-standard","has-post-thumbnail","hentry","category-informe-nacional","tag-argentina"],"_links":{"self":[{"href":"http:\/\/argentinamunicipal.com.ar\/argentina\/wp-json\/wp\/v2\/posts\/46905","targetHints":{"allow":["GET"]}}],"collection":[{"href":"http:\/\/argentinamunicipal.com.ar\/argentina\/wp-json\/wp\/v2\/posts"}],"about":[{"href":"http:\/\/argentinamunicipal.com.ar\/argentina\/wp-json\/wp\/v2\/types\/post"}],"author":[{"embeddable":true,"href":"http:\/\/argentinamunicipal.com.ar\/argentina\/wp-json\/wp\/v2\/users\/2"}],"replies":[{"embeddable":true,"href":"http:\/\/argentinamunicipal.com.ar\/argentina\/wp-json\/wp\/v2\/comments?post=46905"}],"version-history":[{"count":0,"href":"http:\/\/argentinamunicipal.com.ar\/argentina\/wp-json\/wp\/v2\/posts\/46905\/revisions"}],"wp:featuredmedia":[{"embeddable":true,"href":"http:\/\/argentinamunicipal.com.ar\/argentina\/wp-json\/wp\/v2\/media\/46906"}],"wp:attachment":[{"href":"http:\/\/argentinamunicipal.com.ar\/argentina\/wp-json\/wp\/v2\/media?parent=46905"}],"wp:term":[{"taxonomy":"category","embeddable":true,"href":"http:\/\/argentinamunicipal.com.ar\/argentina\/wp-json\/wp\/v2\/categories?post=46905"},{"taxonomy":"post_tag","embeddable":true,"href":"http:\/\/argentinamunicipal.com.ar\/argentina\/wp-json\/wp\/v2\/tags?post=46905"}],"curies":[{"name":"wp","href":"https:\/\/api.w.org\/{rel}","templated":true}]}}