{"id":46929,"date":"2016-04-21T04:24:27","date_gmt":"2016-04-21T07:24:27","guid":{"rendered":"http:\/\/argentinamunicipal.com.ar\/argentina\/?p=46929"},"modified":"2016-04-21T08:28:28","modified_gmt":"2016-04-21T11:28:28","slug":"no-igualdad-no-libertad","status":"publish","type":"post","link":"http:\/\/argentinamunicipal.com.ar\/argentina\/no-igualdad-no-libertad\/","title":{"rendered":"\u201cSi no hay igualdad no hay libertad\u201d"},"content":{"rendered":"<p>Cristina Kirchner reiter\u00f3 su convocatoria a construir un frente ciudadano \u201cpara defender a los trabajadores\u201d. Critic\u00f3 al gobierno de Macri por sus anuncios de posibles inversiones: \u201cLa teor\u00eda del derrame no existe, lo que ponen arriba se va a Panam\u00e1\u201d, dijo.<\/p>\n<p><span style=\"line-height: 1.5\">Cristina Fern\u00e1ndez de Kirchner sigue construyendo su nuevo rol pol\u00edtico. Despu\u00e9s del acto multitudinario en Comodoro Py la semana pasada, y de sucesivas reuniones con diputados, intendentes, artistas y figuras de la cultura, ayer la ex presidenta dio un discurso en el teatro ND Ateneo del centro porte\u00f1o, un espacio muy vinculado a la memoria emotiva del kirchnerismo. La platea y el pullman estaban repletos de representantes de m\u00e1s de 400 organizaciones sociales y pol\u00edticas de todo el pa\u00eds.<\/span><\/p>\n<p>En algo m\u00e1s de una hora de discurso, CFK no solamente avanz\u00f3 en la descripci\u00f3n de su diagn\u00f3stico de esta etapa pol\u00edtica y de su idea de construcci\u00f3n de un frente ciudadano, que ya hab\u00eda esbozado el mi\u00e9rcoles pasado bajo la lluvia, sino que tambi\u00e9n atac\u00f3 con dureza al gobierno nacional por su vinculaci\u00f3n con el esc\u00e1ndalo de los Panam\u00e1 Papers y por los efectos que su gesti\u00f3n est\u00e1 teniendo en la econom\u00eda nacional.<\/p>\n<p>\u201cQuiero convocarlos a construir un frente ciudadano, que no es un t\u00e9rmino liberal como algunos me dicen\u201d, defini\u00f3, plant\u00e1ndose ante las cr\u00edticas, ya que \u201csi no hay igualdad no puede haber libertad\u201d. Para la ex mandataria, el deber de quienes se oponen a las pol\u00edticas del PRO es \u201cel de la organizaci\u00f3n y la unidad entre todos los movimientos sociales y pol\u00edticos\u201d para lograr \u201cla libertad de todos los argentinos de elegir su propio destino\u201d.<\/p>\n<p>Para Fern\u00e1ndez de Kirchner, \u201cno es tiempo de enfrentamientos ni diferencias porque la gente est\u00e1 en problemas y cuando la gente est\u00e1 en problemas los dirigentes no pueden darle m\u00e1s problemas\u201d. En ese sentido, advirti\u00f3 que todos los pol\u00edticos opositores \u201ctienen la obligaci\u00f3n de deponer sus diferencias y colaborar para ayudar a sus compatriotas\u201d a trav\u00e9s de \u201cprogramas alternativos de gesti\u00f3n y de soluciones de los peque\u00f1os y grandes problemas\u201d que surgieron desde diciembre.<\/p>\n<p>\u201cEl pueblo siempre vuelve. S\u00f3lo se sigue al frente si se toman las banderas y se marcha con la gente. Los que somos peronchos tenemos el deber de marchar con el pueblo\u201d, volviendo a definir su identidad pol\u00edtica como en cada aparici\u00f3n p\u00fablica que hizo esta semana, dato no menor. En otro pasaje, sin embargo, advirti\u00f3: \u201cTenemos que aprender a aceptar, peronistas, que no somos los \u00fanicos que aportamos a esta construcci\u00f3n\u201d.<\/p>\n<p>Aunque volvi\u00f3 a tender la mano al sindicalismo, al que destac\u00f3 como una parte necesaria en la construcci\u00f3n de un frente como el que imagina, fue sumamente cr\u00edtica con su conducci\u00f3n, a la que le dedic\u00f3 algunos de los pasajes m\u00e1s fuertes de la tarde, como cuando recrimin\u00f3 que antes \u201cparaban con cualquier excusa\u201d y ahora \u201cno hacen nada\u201d mientras \u201cse destruye el empleo y el poder adquisitivo\u201d de los trabajadores. \u201cYo no quiero que defiendan a mi gobierno ni a los \u00faltimos doce a\u00f1os. Defiendan a sus representados\u201d, los interpel\u00f3.<\/p>\n<p>Un poco m\u00e1s tarde, agreg\u00f3: \u201cLa primera regla es no creerse el ombligo ni la columna vertebral de nada. Con la columna vertebral sola no alcanza para nada. Hace falta una cabeza. Hacen falta pies y piernas. Y despu\u00e9s otra cosa que hay un poco m\u00e1s arriba. Y tambi\u00e9n espalda y brazos. Y la cabeza y tambi\u00e9n el coraz\u00f3n\u201d. En cambio, hizo un llamado a la participaci\u00f3n de \u201clas f\u00e1bricas, los talleres, los dirigentes de base, los dirigentes regionales\u201d porque \u201ces necesario volver a tomar el contacto en la puerta de las f\u00e1bricas y adentro de las f\u00e1bricas\u201d.<\/p>\n<p>Tambi\u00e9n critic\u00f3 fuertemente al gobierno de Mauricio Macri, a quien acus\u00f3 de mentirles a los argentinos diciendo que las inversiones que llegan a partir del acuerdo con los fondos buitre van a derramar, generando empleo y producci\u00f3n. \u201cLa teor\u00eda del derrame no existe, lo que ponen arriba se va a Panam\u00e1\u201d, denunci\u00f3. Luego, al anunciar que esta tarde regresar\u00e1 a El Calafate, hizo la salvedad: \u201cSi Dios, Bonadio o el Gobierno quieren. Bueno, Bonadio y el gobierno \u00faltimamente son lo mismo\u201d.<\/p>\n<p>A continuaci\u00f3n hizo referencia a la causa iniciada por los entonces diputados Federico Pinedo (PRO) y Mario Negri (UCR), que denunciaron ante el juez Claudio Bonadio que la ex presidenta hab\u00eda beneficiado a \u201cterceros inescrupulosos\u201d a trav\u00e9s de la venta de d\u00f3lar futuro. \u201cCuando averiguamos qui\u00e9nes fueron los terceros inescrupulosos resulta que son funcionarios y familiares del Presidente de la Naci\u00f3n\u201d, agreg\u00f3. \u201cEsto pasa por hacer de la denuncia y la judicializaci\u00f3n de la pol\u00edtica una pr\u00e1ctica com\u00fan.\u201d<\/p>\n<p>Finalmente retom\u00f3 su hilo inicial, y reclam\u00f3 a los militantes que la escuchaban que redoblen el esfuerzo en el territorio para paliar las consecuencias de las pol\u00edticas econ\u00f3micas del gobierno neoliberal. \u201cTrabajemos todos juntos. Es hora de hablar, de convencer, de persuadir. No hay que reprocharle nada a nadie. Los que estamos aqu\u00ed somos un pedacito peque\u00f1ito y ac\u00e1 hacen falta muchos m\u00e1s. Lo importante es la humildad de aceptar que nadie es el todo, que todos somos parte. La riqueza de eso radica en la suma de todas las partes\u201d, dijo.<\/p>\n<p>Los dirigentes pol\u00edticos deben, a su vez, hacer un \u201cun ejercicio fuerte de representaci\u00f3n\u201d, complet\u00f3, ya que \u201clo peor que podr\u00eda pasar es que la gente sienta que ni siquiera se puede construir una alternativa que los ayude a mejorar o a superar lo que est\u00e1n pasando\u201d. Por eso, la \u00fanica pregunta que hay que hacer al convocar al frente ciudadano es \u201cdefinir para qu\u00e9 hay que estar unidos\u201d, agreg\u00f3. \u201cLa unidad por la unidad no es un valor en s\u00ed mismo. \u00bfPara qu\u00e9 queremos la unidad? Para defender a los trabajadores, para defender los intereses para los cuales la sociedad los eligi\u00f3. Esa es la unidad que me gusta.\u201d<\/p>\n<h6>Fuente: P\u00e1gina 12<\/h6>\n","protected":false},"excerpt":{"rendered":"<p>Cristina Kirchner reiter\u00f3 su convocatoria a construir un frente ciudadano \u201cpara defender a los trabajadores\u201d. Critic\u00f3 al gobierno de Macri por sus anuncios de posibles inversiones: \u201cLa teor\u00eda del derrame no existe, lo que ponen arriba se va a Panam\u00e1\u201d, dijo.<\/p>\n","protected":false},"author":2,"featured_media":46930,"comment_status":"closed","ping_status":"closed","sticky":false,"template":"","format":"standard","meta":{"footnotes":""},"categories":[8],"tags":[21],"class_list":["post-46929","post","type-post","status-publish","format-standard","has-post-thumbnail","hentry","category-informe-nacional","tag-argentina"],"_links":{"self":[{"href":"http:\/\/argentinamunicipal.com.ar\/argentina\/wp-json\/wp\/v2\/posts\/46929","targetHints":{"allow":["GET"]}}],"collection":[{"href":"http:\/\/argentinamunicipal.com.ar\/argentina\/wp-json\/wp\/v2\/posts"}],"about":[{"href":"http:\/\/argentinamunicipal.com.ar\/argentina\/wp-json\/wp\/v2\/types\/post"}],"author":[{"embeddable":true,"href":"http:\/\/argentinamunicipal.com.ar\/argentina\/wp-json\/wp\/v2\/users\/2"}],"replies":[{"embeddable":true,"href":"http:\/\/argentinamunicipal.com.ar\/argentina\/wp-json\/wp\/v2\/comments?post=46929"}],"version-history":[{"count":0,"href":"http:\/\/argentinamunicipal.com.ar\/argentina\/wp-json\/wp\/v2\/posts\/46929\/revisions"}],"wp:featuredmedia":[{"embeddable":true,"href":"http:\/\/argentinamunicipal.com.ar\/argentina\/wp-json\/wp\/v2\/media\/46930"}],"wp:attachment":[{"href":"http:\/\/argentinamunicipal.com.ar\/argentina\/wp-json\/wp\/v2\/media?parent=46929"}],"wp:term":[{"taxonomy":"category","embeddable":true,"href":"http:\/\/argentinamunicipal.com.ar\/argentina\/wp-json\/wp\/v2\/categories?post=46929"},{"taxonomy":"post_tag","embeddable":true,"href":"http:\/\/argentinamunicipal.com.ar\/argentina\/wp-json\/wp\/v2\/tags?post=46929"}],"curies":[{"name":"wp","href":"https:\/\/api.w.org\/{rel}","templated":true}]}}