{"id":47058,"date":"2016-04-23T08:31:42","date_gmt":"2016-04-23T11:31:42","guid":{"rendered":"http:\/\/argentinamunicipal.com.ar\/argentina\/?p=47058"},"modified":"2016-04-23T08:31:42","modified_gmt":"2016-04-23T11:31:42","slug":"47058-2","status":"publish","type":"post","link":"http:\/\/argentinamunicipal.com.ar\/argentina\/47058-2\/","title":{"rendered":"Santa Fe, C\u00f3rdoba y Entre R\u00edos abordaron la emergencia h\u00eddrica"},"content":{"rendered":"<p>Las provincias de la Regi\u00f3n Centro acordaron elevar un documento con propuestas y necesidades a la Naci\u00f3n.<\/p>\n<p>Los ministros de Producci\u00f3n, Luis Contigiani e Infraestructura y Transporte, Jos\u00e9 Garibay encabezaron este viernes en Rosario un encuentro con sus pares de C\u00f3rdoba y Entre R\u00edos, con el fin de abordar la situaci\u00f3n que atraviesan los sistemas productivos y viales de las tres provincias como consecuencia de la emergencia h\u00eddrica.<\/p>\n<p>Adem\u00e1s de los funcionarios santafesinos participaron de la reuni\u00f3n, por C\u00f3rdoba, los ministros de Agricultura y Ganader\u00eda, Sergio Busso y de Agua, Ambiente y Servicios P\u00fablicos, Fabi\u00e1n L\u00f3pez; y el ministro de la Producci\u00f3n de Entre R\u00edos, Carlos Schepens.<\/p>\n<p>Luego del encuentro, los representantes de las tres provincias de la Regi\u00f3n Centro brindaron una conferencia de prensa para comentar el an\u00e1lisis realizado e informar los detalles de un documento conjunto que se elevar\u00e1 al Gobierno Nacional.<\/p>\n<p>Sobre la situaci\u00f3n de los cultivos en la regi\u00f3n, Contigiani se\u00f1al\u00f3: \u201cHoy contamos con varios escenarios probabil\u00edsticos que se confirmar\u00e1n o no una vez que entren las cosechadoras a los campos. Por un lado, los datos del Ministerio de Agroindustria de la Naci\u00f3n, que habla de p\u00e9rdidas de tres a cuatro millones de toneladas; por otro, el an\u00e1lisis de las entidades t\u00e9cnicas nos acerca a seis millones de toneladas de p\u00e9rdidas en la regi\u00f3n n\u00facleo y parte de Entre R\u00edos. Estamos hablando de 2100 millones de d\u00f3lares, una situaci\u00f3n dram\u00e1tica. Al mismo tiempo, existe la posibilidad de un escenario m\u00e1s grave que estudiaron organizaciones de productores, que hablan de 10 millones de toneladas\u201d.<\/p>\n<p>\u201cEsta situaci\u00f3n se suma al panorama de la lecher\u00eda y algunas econom\u00edas regionales que ya ven\u00edan con una situaci\u00f3n de quebranto. Por todo esto trabajamos en un documento que plantea un impacto extraordinario que requiere de soluciones extraordinarias y un especial acompa\u00f1amiento del Gobierno Nacional\u201d, agreg\u00f3.<\/p>\n<p>Por su parte, Busso indic\u00f3 que \u201cvenimos a Rosario a reafirmar lo que trabajamos desde la Regi\u00f3n Centro, en ese marco queremos plantear una estrategia conjunta que nos posibilite encontrar respuestas inmediatas. En lo productivo requerimos medidas de financiamiento; necesitamos que la banca nacional ponga a disposici\u00f3n de los productores un men\u00fa financiero que apunte a dar un respiro a los productores que se van a quedar sin nada. En el documento planteamos, espec\u00edficamente, cr\u00e9ditos con un m\u00ednimo de un a\u00f1o de gracia, con vencimientos a cuatro a\u00f1os y con tasas subsidiadas. Todo esto al margen de la homologaci\u00f3n nacional de la Emergencia Agropecuaria, que ya est\u00e1 declarada en las provincias. Adem\u00e1s del financiamiento solicitamos un especial tratamiento del sector lechero\u201d.<\/p>\n<p>Asimismo, en referencia al documento, el funcionario cordob\u00e9s expres\u00f3 que \u201cen los puntos acordados tambi\u00e9n hacemos una especial menci\u00f3n a brindar financiamiento para que los productores puedan sembrar trigo y pasturas, no s\u00f3lo por la diversificaci\u00f3n de cultivos, sino porque tambi\u00e9n es un objetivo central en materia de emergencia h\u00eddrica, ya que el trigo y la pastura generan depresi\u00f3n de las napas\u201d.<\/p>\n<p>Por su parte, el titular de la cartera productiva entrerriana precis\u00f3: \u201cEl abordaje conjunto, como Regi\u00f3n Centro, es un trabajo que venimos desarrollando con intensidad porque tenemos una actividad productiva similar. La situaci\u00f3n en nuestra provincia es muy complicada, con comunidades urbanas afectadas. Los cultivos y la lecher\u00eda no son ajenos a estos inconvenientes. Estamos ante una situaci\u00f3n muy delicada que no podr\u00e1 ser afrontada s\u00f3lo por las provincias, sino que necesitaremos el acompa\u00f1amiento de la Naci\u00f3n\u201d.<\/p>\n<h6>Fuente: Sin Mordaza<\/h6>\n","protected":false},"excerpt":{"rendered":"<p>Las provincias de la Regi\u00f3n Centro acordaron elevar un documento con propuestas y necesidades a la Naci\u00f3n.<\/p>\n","protected":false},"author":2,"featured_media":47059,"comment_status":"closed","ping_status":"closed","sticky":false,"template":"","format":"standard","meta":{"footnotes":""},"categories":[65],"tags":[3,17,10],"class_list":["post-47058","post","type-post","status-publish","format-standard","has-post-thumbnail","hentry","category-provincias","tag-cordoba","tag-entre-rios","tag-santa-fe"],"_links":{"self":[{"href":"http:\/\/argentinamunicipal.com.ar\/argentina\/wp-json\/wp\/v2\/posts\/47058","targetHints":{"allow":["GET"]}}],"collection":[{"href":"http:\/\/argentinamunicipal.com.ar\/argentina\/wp-json\/wp\/v2\/posts"}],"about":[{"href":"http:\/\/argentinamunicipal.com.ar\/argentina\/wp-json\/wp\/v2\/types\/post"}],"author":[{"embeddable":true,"href":"http:\/\/argentinamunicipal.com.ar\/argentina\/wp-json\/wp\/v2\/users\/2"}],"replies":[{"embeddable":true,"href":"http:\/\/argentinamunicipal.com.ar\/argentina\/wp-json\/wp\/v2\/comments?post=47058"}],"version-history":[{"count":0,"href":"http:\/\/argentinamunicipal.com.ar\/argentina\/wp-json\/wp\/v2\/posts\/47058\/revisions"}],"wp:featuredmedia":[{"embeddable":true,"href":"http:\/\/argentinamunicipal.com.ar\/argentina\/wp-json\/wp\/v2\/media\/47059"}],"wp:attachment":[{"href":"http:\/\/argentinamunicipal.com.ar\/argentina\/wp-json\/wp\/v2\/media?parent=47058"}],"wp:term":[{"taxonomy":"category","embeddable":true,"href":"http:\/\/argentinamunicipal.com.ar\/argentina\/wp-json\/wp\/v2\/categories?post=47058"},{"taxonomy":"post_tag","embeddable":true,"href":"http:\/\/argentinamunicipal.com.ar\/argentina\/wp-json\/wp\/v2\/tags?post=47058"}],"curies":[{"name":"wp","href":"https:\/\/api.w.org\/{rel}","templated":true}]}}