{"id":47134,"date":"2016-04-25T07:55:28","date_gmt":"2016-04-25T10:55:28","guid":{"rendered":"http:\/\/argentinamunicipal.com.ar\/argentina\/?p=47134"},"modified":"2016-04-25T07:55:28","modified_gmt":"2016-04-25T10:55:28","slug":"salta-lidera-san-juan-una-nueva-reunion-obras-sociales-provinciales-del-pais","status":"publish","type":"post","link":"http:\/\/argentinamunicipal.com.ar\/argentina\/salta-lidera-san-juan-una-nueva-reunion-obras-sociales-provinciales-del-pais\/","title":{"rendered":"Salta lidera en San Juan una nueva reuni\u00f3n de Obras Sociales Provinciales del Pa\u00eds"},"content":{"rendered":"<p>La judicializaci\u00f3n de la salud, programas preventivos y sistemas solidarios fueron entre otros los temas destacados del encuentro.<\/p>\n<p>Se realiza una nueva Asamblea de la Junta Ejecutiva y reuni\u00f3n de Comisiones del COSSPRA (Consejo de Obras y Servicios Sociales Provinciales de la Rep\u00fablica Argentina), en la que los presidentes y los Equipos T\u00e9cnicos avanzan sobre diversas tem\u00e1ticas que formar\u00e1n parte de la agenda de trabajo para el 2016.<\/p>\n<p>El encuentro se desarrolla en dos jornadas de trabajo en la provincia de San Juan y cuenta con la participaci\u00f3n de los presidentes de 16 Obras Sociales Provinciales. El gobernador de San Juan \u00a0Sergio U\u00f1ac, presidi\u00f3 el acto de apertura en el que tambi\u00e9n estuvo presente ministro de Salud P\u00fablica, Castor S\u00e1nchez Hidalgo.<\/p>\n<p>El presidente del Consejo, Gabriel Chagra Dib, inform\u00f3 sobre los temas principales que se abordaron en las jornadas: \u201cLa judicializaci\u00f3n de la salud, para buscar el sostenimiento del sistema solidario de salud, los programas preventivos en cuanto a las enfermedades cr\u00f3nicas no transmisibles, 100 mil personas mueren por d\u00eda en el mundo por estas enfermedades, el tema de la comunicaci\u00f3n para permitir que no s\u00f3lo llegue la informaci\u00f3n sino tambi\u00e9n la prevenci\u00f3n a cada Obra Social\u201d.<\/p>\n<p>Otro aspecto destacado tiene que ver con la reciente creaci\u00f3n de la Comisi\u00f3n de Turismo en el Consejo. Al respecto, Chagra sostuvo: \u201cEn esta Asamblea hemos incorporado un tema muy importante que es el de Turismo Social, que lo tienen muy bien desarrollado algunas OS, pero queremos hacerlo transversal en el COSSPRA, y esto nos va a permitir, m\u00e1s all\u00e1 de la buena noticia que significa para el afiliado, tambi\u00e9n formar parte de la prevenci\u00f3n\u201d.<\/p>\n<p>El gobernador de San Juan, Sergio U\u00f1ac, agradeci\u00f3 que el COSSPRA haya elegido esa provincia de manera federal para realizar la Asamblea. \u201cSaludamos que el Consejo pueda desarrollar desde la provincia este congreso y que podamos poner sobre la mesa los distintos ejemplos o pol\u00edticas \u00a0que se puedan haber desarrollado en las distintas obras sociales provinciales y sirvan para nutrir el desarrollo de otras jurisdicciones u obras sociales. Vemos con muy buenos ojos, que no solo se hable del mantenimiento de la salud o de la recuperaci\u00f3n de la misma, sino tambi\u00e9n que se pueda incursionar en materia de turismo, de recreaci\u00f3n.\u201d<\/p>\n<p>Preocupa el nivel de judicializaci\u00f3n de la salud<\/p>\n<p>La presentaci\u00f3n de Recursos de Amparo para determinadas prestaciones, \u00a0ponen en riesgo el normal funcionamiento de las instituciones, coloc\u00e1ndolas al borde de la desfinanciaci\u00f3n.<\/p>\n<p>Al respecto, el Dr Chagra Dib expres\u00f3: \u201cEn estos momentos uno de los temas centrales que estamos tocando es la judicializaci\u00f3n de la salud o la intervenci\u00f3n del Poder Judicial con los recurrentes Recursos de Amparo, lo que llamamos, en la comisi\u00f3n jur\u00eddica, la \u201cenfermedad judicial\u201d. Es decir un problema que afecta a todas las obras sociales del pa\u00eds\u201d quien a\u00f1adi\u00f3 adem\u00e1s, \u201chay que buscar un m\u00e9todo, formas de trabajo o pautas que respeten el sistema solidario de la Obra Social, teniendo en cuenta que estas instituciones funcionan con el aporte que hacemos entre todos los afiliados y que se ve seriamente en conflicto cuando se judicializa por los llamados derechos individuales de las personas enfermas\u201d, dijo.<\/p>\n<p>Sobre los motivos que llevan a los afiliados a presentarse a la Justicia, Chagra Dib manifest\u00f3 que \u201cson variados, pueden ser ante una prestaci\u00f3n que ellos entiendan que no se da, ante situaciones puntuales surgidas por las pautas, \u00a0normas y facultades propias del sistema de trabajo de las Obras Sociales \u00a0y especialmente sobre los distintos c\u00f3digos y nomencladores de cada provincia\u201d expres\u00f3.<\/p>\n<p>Por \u00faltimo remarc\u00f3 Dr. Chagra Dib que \u201cel sistema solidario de salud est\u00e1 por encima de cualquier otro hecho que pueda poner en riesgo el presupuesto o la desfinanciaci\u00f3n de las Obras Sociales\u201d.<\/p>\n<p>Participaron del encuentro las provincias de: Tucum\u00e1n, Salta, Catamarca, Corrientes, Chaco,<br \/>\nChubut, Entre R\u00edos, La Pampa, Mendoza, Misiones, Neuqu\u00e9n, R\u00edo Negro, San Juan, San Luis, Santa F\u00e9, Santiago del Estero y Buenos Aires.<\/p>\n<h6>Fuente: La Hora de Salta<\/h6>\n","protected":false},"excerpt":{"rendered":"<p>La judicializaci\u00f3n de la salud, programas preventivos y sistemas solidarios fueron entre otros los temas destacados del encuentro.<\/p>\n","protected":false},"author":2,"featured_media":47135,"comment_status":"closed","ping_status":"closed","sticky":false,"template":"","format":"standard","meta":{"footnotes":""},"categories":[65],"tags":[32],"class_list":["post-47134","post","type-post","status-publish","format-standard","has-post-thumbnail","hentry","category-provincias","tag-san-juan"],"_links":{"self":[{"href":"http:\/\/argentinamunicipal.com.ar\/argentina\/wp-json\/wp\/v2\/posts\/47134","targetHints":{"allow":["GET"]}}],"collection":[{"href":"http:\/\/argentinamunicipal.com.ar\/argentina\/wp-json\/wp\/v2\/posts"}],"about":[{"href":"http:\/\/argentinamunicipal.com.ar\/argentina\/wp-json\/wp\/v2\/types\/post"}],"author":[{"embeddable":true,"href":"http:\/\/argentinamunicipal.com.ar\/argentina\/wp-json\/wp\/v2\/users\/2"}],"replies":[{"embeddable":true,"href":"http:\/\/argentinamunicipal.com.ar\/argentina\/wp-json\/wp\/v2\/comments?post=47134"}],"version-history":[{"count":0,"href":"http:\/\/argentinamunicipal.com.ar\/argentina\/wp-json\/wp\/v2\/posts\/47134\/revisions"}],"wp:featuredmedia":[{"embeddable":true,"href":"http:\/\/argentinamunicipal.com.ar\/argentina\/wp-json\/wp\/v2\/media\/47135"}],"wp:attachment":[{"href":"http:\/\/argentinamunicipal.com.ar\/argentina\/wp-json\/wp\/v2\/media?parent=47134"}],"wp:term":[{"taxonomy":"category","embeddable":true,"href":"http:\/\/argentinamunicipal.com.ar\/argentina\/wp-json\/wp\/v2\/categories?post=47134"},{"taxonomy":"post_tag","embeddable":true,"href":"http:\/\/argentinamunicipal.com.ar\/argentina\/wp-json\/wp\/v2\/tags?post=47134"}],"curies":[{"name":"wp","href":"https:\/\/api.w.org\/{rel}","templated":true}]}}