{"id":4716,"date":"2014-03-24T08:23:04","date_gmt":"2014-03-24T11:23:04","guid":{"rendered":"http:\/\/argentinamunicipal.com.ar\/argentina\/?p=4716"},"modified":"2014-03-24T08:23:04","modified_gmt":"2014-03-24T11:23:04","slug":"el-gobierno-analizara-un-adelanto-para-descomprimir-el-conflicto-salarial-en-capayan","status":"publish","type":"post","link":"http:\/\/argentinamunicipal.com.ar\/argentina\/el-gobierno-analizara-un-adelanto-para-descomprimir-el-conflicto-salarial-en-capayan\/","title":{"rendered":"El Gobierno analizar\u00e1 un adelanto para descomprimir el conflicto salarial en Capay\u00e1n"},"content":{"rendered":"<p><a href=\"http:\/\/argentinamunicipal.com.ar\/argentina\/wp-content\/uploads\/2014\/03\/04-f1_11.jpg\"><img loading=\"lazy\" decoding=\"async\" class=\"alignleft size-full wp-image-4717\" alt=\"04-f1_11\" src=\"http:\/\/argentinamunicipal.com.ar\/argentina\/wp-content\/uploads\/2014\/03\/04-f1_11.jpg\" width=\"320\" height=\"180\" srcset=\"http:\/\/argentinamunicipal.com.ar\/argentina\/wp-content\/uploads\/2014\/03\/04-f1_11.jpg 320w, http:\/\/argentinamunicipal.com.ar\/argentina\/wp-content\/uploads\/2014\/03\/04-f1_11-300x168.jpg 300w\" sizes=\"auto, (max-width: 320px) 100vw, 320px\" \/><\/a>En la semana, el intendente se reunir\u00e1 con el subsecretario de Asuntos Municipales para analizar la situaci\u00f3n.<\/p>\n<p>El intendente de Capay\u00e1n, Alfredo Hoffman (FCyS), expres\u00f3 a LA UNION que existe cierta expectativa respecto de una posible asistencia financiera que podr\u00edan recibir del Gobierno provincial a fin de destrabar el conflicto que mantiene desde hace varias semanas con los municipales de esa localidad tras los cortes en la ruta N\u00ba 38.<\/p>\n<p>Tras la entrega del petitorio que el viernes \u00faltimo los empleados efectivizaron a la gobernadora Luc\u00eda Corpacci durante el acto de entrega de viviendas, y el di\u00e1logo que mantuvo luego con \u00e9l, Hoffman coment\u00f3 sobre el compromiso que asumi\u00f3 la primera mandataria en pos de estudiar la situaci\u00f3n y dar una respuesta.<\/p>\n<p>\u201cCon la Gobernadora hablamos de obras para el municipio, pero tambi\u00e9n se habl\u00f3 del aumento salarial que piden los municipales.<\/p>\n<p>Ella -por Corpacci- con el pedido de los municipales en manos, dijo que se va estudiar la situaci\u00f3n y en el transcurso de la semana se ver\u00e1 en qu\u00e9 se puede avanzar\u201d, indic\u00f3.<\/p>\n<p>En este contexto, y ante la firme postura de llevar el reclamo hasta las \u00faltimas consecuencias, el intendente declar\u00f3 que entreg\u00f3 al subsecretario de Asuntos Municipales, Fidel S\u00e1enz, un informe sobre las finanzas del municipio, adjuntando un detalle de los ingresos que reciben del ministerio de Hacienda de la provincia.<\/p>\n<p>\u201cEntregamos toda la documentaci\u00f3n y, sobre la base de ello, la semana que viene me sentar\u00e9 de vuelta con el subsecretario para ver en qu\u00e9 puede aportar y ayudar el Gobierno. El adelanto de alg\u00fan importe servir\u00eda para descomprimir y esperar hasta el 1\u00b0 de mayo, cuando la Gobernadora realice los anuncios, como ocurre todos los a\u00f1os\u201d, dijo Hoffman convencido de que mientras, habr\u00e1 que esperar hasta entonces para poder saber de cu\u00e1nto puede ser el aumento y tener un panorama mucho m\u00e1s claro teniendo en cuenta lo que el municipio recibe de coparticipaci\u00f3n.<\/p>\n<p>En este sentido, se\u00f1al\u00f3 que el 94.5 % de los recursos que la comuna recibe por coparticipaci\u00f3n, est\u00e1 destinado al pago de sueldos, por lo tanto no se dispone de dinero suficiente para realizar una mejora salarial.<\/p>\n<p>\u201cCreo que a veces los empleados municipales tienen que pensar en buscar tambi\u00e9n otros recursos que les permita mejorar su econom\u00eda, incluso la propia Gobernadora les habl\u00f3 de reactivar la parte productiva. No hay que olvidarse que el municipio est\u00e1 casi fundido\u201d, concluy\u00f3.<\/p>\n<h6>Fuente: La Uni\u00f3n Digital<\/h6>\n","protected":false},"excerpt":{"rendered":"<p>En la semana, el intendente se reunir\u00e1 con el subsecretario de Asuntos Municipales para analizar la situaci\u00f3n. El intendente de Capay\u00e1n, Alfredo Hoffman (FCyS), expres\u00f3 a LA UNION que existe cierta expectativa respecto de una posible asistencia financiera que podr\u00edan recibir del Gobierno provincial a fin de destrabar el conflicto que mantiene desde hace varias<\/p>\n","protected":false},"author":2,"featured_media":4717,"comment_status":"closed","ping_status":"closed","sticky":false,"template":"","format":"standard","meta":{"footnotes":""},"categories":[7],"tags":[16],"class_list":["post-4716","post","type-post","status-publish","format-standard","has-post-thumbnail","hentry","category-informe-sindical","tag-catamarca"],"_links":{"self":[{"href":"http:\/\/argentinamunicipal.com.ar\/argentina\/wp-json\/wp\/v2\/posts\/4716","targetHints":{"allow":["GET"]}}],"collection":[{"href":"http:\/\/argentinamunicipal.com.ar\/argentina\/wp-json\/wp\/v2\/posts"}],"about":[{"href":"http:\/\/argentinamunicipal.com.ar\/argentina\/wp-json\/wp\/v2\/types\/post"}],"author":[{"embeddable":true,"href":"http:\/\/argentinamunicipal.com.ar\/argentina\/wp-json\/wp\/v2\/users\/2"}],"replies":[{"embeddable":true,"href":"http:\/\/argentinamunicipal.com.ar\/argentina\/wp-json\/wp\/v2\/comments?post=4716"}],"version-history":[{"count":0,"href":"http:\/\/argentinamunicipal.com.ar\/argentina\/wp-json\/wp\/v2\/posts\/4716\/revisions"}],"wp:featuredmedia":[{"embeddable":true,"href":"http:\/\/argentinamunicipal.com.ar\/argentina\/wp-json\/wp\/v2\/media\/4717"}],"wp:attachment":[{"href":"http:\/\/argentinamunicipal.com.ar\/argentina\/wp-json\/wp\/v2\/media?parent=4716"}],"wp:term":[{"taxonomy":"category","embeddable":true,"href":"http:\/\/argentinamunicipal.com.ar\/argentina\/wp-json\/wp\/v2\/categories?post=4716"},{"taxonomy":"post_tag","embeddable":true,"href":"http:\/\/argentinamunicipal.com.ar\/argentina\/wp-json\/wp\/v2\/tags?post=4716"}],"curies":[{"name":"wp","href":"https:\/\/api.w.org\/{rel}","templated":true}]}}