{"id":4719,"date":"2014-03-24T08:27:02","date_gmt":"2014-03-24T11:27:02","guid":{"rendered":"http:\/\/argentinamunicipal.com.ar\/argentina\/?p=4719"},"modified":"2014-03-24T08:27:02","modified_gmt":"2014-03-24T11:27:02","slug":"nueva-propuesta-salarial-para-andalgala","status":"publish","type":"post","link":"http:\/\/argentinamunicipal.com.ar\/argentina\/nueva-propuesta-salarial-para-andalgala\/","title":{"rendered":"Nueva propuesta salarial para Andalgal\u00e1"},"content":{"rendered":"<p><a href=\"http:\/\/argentinamunicipal.com.ar\/argentina\/wp-content\/uploads\/2014\/03\/int-127832.jpg\"><img loading=\"lazy\" decoding=\"async\" class=\"alignright  wp-image-4720\" alt=\"int-127832\" src=\"http:\/\/argentinamunicipal.com.ar\/argentina\/wp-content\/uploads\/2014\/03\/int-127832.jpg\" width=\"240\" height=\"282\" srcset=\"http:\/\/argentinamunicipal.com.ar\/argentina\/wp-content\/uploads\/2014\/03\/int-127832.jpg 300w, http:\/\/argentinamunicipal.com.ar\/argentina\/wp-content\/uploads\/2014\/03\/int-127832-254x300.jpg 254w\" sizes=\"auto, (max-width: 240px) 100vw, 240px\" \/><\/a>El pasado viernes el intendente de Andalgal\u00e1 Alejandro P\u00e1ez recibi\u00f3 a la comisi\u00f3n directiva del SOEMA.<\/p>\n<p>El pasado viernes el intendente de Andalgal\u00e1 Alejandro P\u00e1ez, recibi\u00f3 en su despacho a la comisi\u00f3n directiva del Sindicato de Obreros y Empleados Municipales de Andalgal\u00e1, en donde avanzaron sobre el pedido de incremento salarial para la clase trabajadora.<\/p>\n<p>Seg\u00fan se\u00f1ala el diario digital FM La Perla, al t\u00e9rmino del encuentro Luis Melgarejo, secretario general del SOEMA, se\u00f1al\u00f3 que el jefe comunal \u201cnos ha dado la propuesta del 16%, y esperar cuando la gobernadora anuncie el aumento dar un 9% m\u00e1s y seguir descontando la cuota sindical, y a medida que vayan pasando los meses ir incrementando\u201d. Adelant\u00f3 que la nueva propuesta ser\u00e1 analizada este martes cuando el gremio convoque a una asamblea general a sus afiliados. \u201cVamos a ver qu\u00e9 dice la asamblea, y todo lo que sea para el bolsillo del empleado municipal bienvenido sea\u201d, asegur\u00f3. Al tiempo que el sindicalista dej\u00f3 en claro que esta fue la \u00faltima reuni\u00f3n con P\u00e1ez para arribar a un acuerdo.<\/p>\n<h6>Fuente: El Esqui\u00fa<\/h6>\n","protected":false},"excerpt":{"rendered":"<p>El pasado viernes el intendente de Andalgal\u00e1 Alejandro P\u00e1ez recibi\u00f3 a la comisi\u00f3n directiva del SOEMA. El pasado viernes el intendente de Andalgal\u00e1 Alejandro P\u00e1ez, recibi\u00f3 en su despacho a la comisi\u00f3n directiva del Sindicato de Obreros y Empleados Municipales de Andalgal\u00e1, en donde avanzaron sobre el pedido de incremento salarial para la clase trabajadora.<\/p>\n","protected":false},"author":2,"featured_media":4720,"comment_status":"closed","ping_status":"closed","sticky":false,"template":"","format":"standard","meta":{"footnotes":""},"categories":[7],"tags":[16],"class_list":["post-4719","post","type-post","status-publish","format-standard","has-post-thumbnail","hentry","category-informe-sindical","tag-catamarca"],"_links":{"self":[{"href":"http:\/\/argentinamunicipal.com.ar\/argentina\/wp-json\/wp\/v2\/posts\/4719","targetHints":{"allow":["GET"]}}],"collection":[{"href":"http:\/\/argentinamunicipal.com.ar\/argentina\/wp-json\/wp\/v2\/posts"}],"about":[{"href":"http:\/\/argentinamunicipal.com.ar\/argentina\/wp-json\/wp\/v2\/types\/post"}],"author":[{"embeddable":true,"href":"http:\/\/argentinamunicipal.com.ar\/argentina\/wp-json\/wp\/v2\/users\/2"}],"replies":[{"embeddable":true,"href":"http:\/\/argentinamunicipal.com.ar\/argentina\/wp-json\/wp\/v2\/comments?post=4719"}],"version-history":[{"count":0,"href":"http:\/\/argentinamunicipal.com.ar\/argentina\/wp-json\/wp\/v2\/posts\/4719\/revisions"}],"wp:featuredmedia":[{"embeddable":true,"href":"http:\/\/argentinamunicipal.com.ar\/argentina\/wp-json\/wp\/v2\/media\/4720"}],"wp:attachment":[{"href":"http:\/\/argentinamunicipal.com.ar\/argentina\/wp-json\/wp\/v2\/media?parent=4719"}],"wp:term":[{"taxonomy":"category","embeddable":true,"href":"http:\/\/argentinamunicipal.com.ar\/argentina\/wp-json\/wp\/v2\/categories?post=4719"},{"taxonomy":"post_tag","embeddable":true,"href":"http:\/\/argentinamunicipal.com.ar\/argentina\/wp-json\/wp\/v2\/tags?post=4719"}],"curies":[{"name":"wp","href":"https:\/\/api.w.org\/{rel}","templated":true}]}}