{"id":4731,"date":"2014-03-24T08:42:34","date_gmt":"2014-03-24T11:42:34","guid":{"rendered":"http:\/\/argentinamunicipal.com.ar\/argentina\/?p=4731"},"modified":"2014-03-24T08:42:34","modified_gmt":"2014-03-24T11:42:34","slug":"municipales-de-senillosa-toman-dependencias-de-la-comuna","status":"publish","type":"post","link":"http:\/\/argentinamunicipal.com.ar\/argentina\/municipales-de-senillosa-toman-dependencias-de-la-comuna\/","title":{"rendered":"Municipales de Senillosa toman dependencias de la comuna"},"content":{"rendered":"<p><a href=\"http:\/\/argentinamunicipal.com.ar\/argentina\/wp-content\/uploads\/2014\/03\/1387452990389.jpg\"><img loading=\"lazy\" decoding=\"async\" class=\"alignright size-full wp-image-4732\" alt=\"1387452990389\" src=\"http:\/\/argentinamunicipal.com.ar\/argentina\/wp-content\/uploads\/2014\/03\/1387452990389.jpg\" width=\"408\" height=\"230\" srcset=\"http:\/\/argentinamunicipal.com.ar\/argentina\/wp-content\/uploads\/2014\/03\/1387452990389.jpg 408w, http:\/\/argentinamunicipal.com.ar\/argentina\/wp-content\/uploads\/2014\/03\/1387452990389-300x169.jpg 300w\" sizes=\"auto, (max-width: 408px) 100vw, 408px\" \/><\/a>Piden que el Ejecutivo les otorgue un aumento de alrededor de 1.500 pesos. Por la protesta no habr\u00e1 recolecci\u00f3n de residuos en esa localidad.<\/p>\n<p>Trabajadores municipales de Senillosa tomaron desde anoche un taller municipal en reclamo de una recomposici\u00f3n salarial y por ello no habr\u00e1 recolecci\u00f3n de residuos. Si bien adelantaron que seguir\u00e1n protestando hasta conseguir una respuesta concreta del Ejecutivo local, descartaron la posibilidad de cortar la Ruta 22.<\/p>\n<p>En declaraciones a LU5 la vocera de los manifestantes, Carolina Montecinos, explic\u00f3 que \u00abvenimos planteando una recomposici\u00f3n salarial debido a que nos marcan una pauta salarial que es la misma que tiene provincia con sus trabajadores. Y ac\u00e1 lo que sucedi\u00f3 es que la provincia arregl\u00f3 darle a sus empleados mil pesos dentro del &#8216;compas de espera&#8217; antes de las nuevas negociaciones, a nosotros en Senillosa no nos dieron nada\u00bb.<\/p>\n<p>Montecinos aclar\u00f3 que \u00abun grupo de compa\u00f1eros nos pidi\u00f3 acompa\u00f1arlos en la medida de tomar un taller municipal. Son trabajadores de distintos sectores del Municipio que piden un 60% de aumento, lo que corresponde a unos $1500 en el caso de las tareas m\u00e1s bajas dentro del escalaf\u00f3n\u00bb.<\/p>\n<p>\u00abHasta ahora hemos tenido un par de medas de negociaci\u00f3n y lo que nos ofreci\u00f3 el Ejecutivo municipal fue un 5% como presentismo, lo que nos parece poco porque equivale a unos $100 de aumento. Reconcemos la actitud de ofrecer algo, pero es muy poco\u00bb, sostuvo la vocera.<\/p>\n<p>Adem\u00e1s, Monecinos dijo que \u00ablas medidas se van a ir llevando a cabo d\u00eda a d\u00eda y si hay que endurecerlas o no, eso lo decidir\u00e1 la asamblea\u00bb. Adem\u00e1s aclar\u00f3 que \u00abpor el momento no tenemos intenci\u00f3n de ir a las rutas, estamos pidiendo lo que nos corresponde y queremos solucionarlo sin llevar el conflicto a mayores\u00bb.<\/p>\n<h6>Fuente: La Ma\u00f1ana Neuqu\u00e9n<\/h6>\n","protected":false},"excerpt":{"rendered":"<p>Piden que el Ejecutivo les otorgue un aumento de alrededor de 1.500 pesos. Por la protesta no habr\u00e1 recolecci\u00f3n de residuos en esa localidad. Trabajadores municipales de Senillosa tomaron desde anoche un taller municipal en reclamo de una recomposici\u00f3n salarial y por ello no habr\u00e1 recolecci\u00f3n de residuos. Si bien adelantaron que seguir\u00e1n protestando hasta<\/p>\n","protected":false},"author":2,"featured_media":4732,"comment_status":"closed","ping_status":"closed","sticky":false,"template":"","format":"standard","meta":{"footnotes":""},"categories":[7],"tags":[23],"class_list":["post-4731","post","type-post","status-publish","format-standard","has-post-thumbnail","hentry","category-informe-sindical","tag-neuquen"],"_links":{"self":[{"href":"http:\/\/argentinamunicipal.com.ar\/argentina\/wp-json\/wp\/v2\/posts\/4731","targetHints":{"allow":["GET"]}}],"collection":[{"href":"http:\/\/argentinamunicipal.com.ar\/argentina\/wp-json\/wp\/v2\/posts"}],"about":[{"href":"http:\/\/argentinamunicipal.com.ar\/argentina\/wp-json\/wp\/v2\/types\/post"}],"author":[{"embeddable":true,"href":"http:\/\/argentinamunicipal.com.ar\/argentina\/wp-json\/wp\/v2\/users\/2"}],"replies":[{"embeddable":true,"href":"http:\/\/argentinamunicipal.com.ar\/argentina\/wp-json\/wp\/v2\/comments?post=4731"}],"version-history":[{"count":0,"href":"http:\/\/argentinamunicipal.com.ar\/argentina\/wp-json\/wp\/v2\/posts\/4731\/revisions"}],"wp:featuredmedia":[{"embeddable":true,"href":"http:\/\/argentinamunicipal.com.ar\/argentina\/wp-json\/wp\/v2\/media\/4732"}],"wp:attachment":[{"href":"http:\/\/argentinamunicipal.com.ar\/argentina\/wp-json\/wp\/v2\/media?parent=4731"}],"wp:term":[{"taxonomy":"category","embeddable":true,"href":"http:\/\/argentinamunicipal.com.ar\/argentina\/wp-json\/wp\/v2\/categories?post=4731"},{"taxonomy":"post_tag","embeddable":true,"href":"http:\/\/argentinamunicipal.com.ar\/argentina\/wp-json\/wp\/v2\/tags?post=4731"}],"curies":[{"name":"wp","href":"https:\/\/api.w.org\/{rel}","templated":true}]}}