{"id":47337,"date":"2016-04-28T07:05:34","date_gmt":"2016-04-28T10:05:34","guid":{"rendered":"http:\/\/argentinamunicipal.com.ar\/argentina\/?p=47337"},"modified":"2016-04-28T07:05:34","modified_gmt":"2016-04-28T10:05:34","slug":"la-provincia-destinara-100-millones-pesos-al-sistema-transporte-rosarino","status":"publish","type":"post","link":"http:\/\/argentinamunicipal.com.ar\/argentina\/la-provincia-destinara-100-millones-pesos-al-sistema-transporte-rosarino\/","title":{"rendered":"La provincia destinar\u00e1 100 millones de pesos al sistema de transporte rosarino"},"content":{"rendered":"<p>Lo anunci\u00f3 el gobernador. La decisi\u00f3n, sumada a la suba de subsidios que otorg\u00f3 la Naci\u00f3n, intenta acercar posiciones para aprobar un aumento del boleto.<\/p>\n<p>El gobernador Miguel Lifschitz anunci\u00f3 ayer una inversi\u00f3n de 100 millones de pesos para financiar la compra de nuevas unidades y promover \u00f3mnibus el\u00e9ctricos en el sistema del transporte urbano de pasajeros (TUP). Esta erogaci\u00f3n, sumada a la decisi\u00f3n del gobierno nacional de elevar un 37 por ciento el monto de los subsidios para cubrir el incremento salarial de los choferes y del gasoil, le otorga m\u00e1s ox\u00edgeno al sistema y lima diferencias que podr\u00edan sellar la aprobaci\u00f3n de un aumento de la tarifa del boleto entre los 8 y 8,50 pesos. Las negociaciones entre oficialismo y oposici\u00f3n se aceleraron en las \u00faltimas horas, pero era muy dif\u00edcil que pudiera aprobarse hoy, junto con el 30 por ciento de incremento en la tarifa de taxis.<\/p>\n<p>Lifschitz anunci\u00f3 que el aporte del Estado provincial ser\u00e1n 30 millones de pesos para promover el sistema el\u00e9ctrico en la ciudad (trolebuses) y 70 millones de pesos para la financiaci\u00f3n de la tasa, en cinco puntos porcentuales, para la compra de equipos, que se eleva a diez puntos porcentuales si la adquisici\u00f3n de las unidades se realiza a carroceras radicadas en la provincia.<\/p>\n<p>\u00abEn la ciudad hay 800 colectivos que tienen una vida \u00fatil de diez a\u00f1os, por eso creemos necesaria la renovaci\u00f3n de 80 unidades por a\u00f1o como m\u00ednimo\u00bb, puntualiz\u00f3 Lifschitz en el sal\u00f3n Carrasco de la Municipalidad, acompa\u00f1ado por la intendenta M\u00f3nica Fein, concejales del Frente Progresista y funcionarios del gobierno local.<\/p>\n<p>Al t\u00e9rmino de la presentaci\u00f3n, Fein se mostr\u00f3 confiada en que, con el incremento de los aportes de Naci\u00f3n y provincia, \u00ablos concejales puedan llegar a un acuerdo para lograr una tarifa cercana a lo que se discute hoy, entre 8 y 8,50 pesos\u00bb.<\/p>\n<p>\u00abEl sistema de transporte necesita una tarifa de 9,45 pesos para tener buena frecuencia, calidad y cambiar coches. En las empresas La Mixta y Semtur tenemos que renovar m\u00e1s de 50 unidades para cumplir con lo que exige la ordenanza. Hay que buscar una salida. Un boleto cercano a los 8,50 pesos es un valor posible. Habr\u00e1 que ver qu\u00e9 aporta el Fondo Compensador para que el bolsillo del usuario no reciba todo el impacto\u00bb, reiter\u00f3, y agreg\u00f3: \u00abTenemos expectativa de que entre esta semana y la que viene haya una reuni\u00f3n en el Concejo que evite cualquier incertidumbre en el financiamiento del sistema, porque las empresas comienzan a abonar la semana pr\u00f3xima el incremento salarial\u00bb.<\/p>\n<p>Desde la oposici\u00f3n reclamaban que el Estado provincial sume m\u00e1s recursos para la financiaci\u00f3n del sistema. Tras el anuncio, el titular del bloque del PRO, Alejandro Rosell\u00f3, se\u00f1al\u00f3 como \u00abpositivo\u00bb el \u00abgesto pol\u00edtico\u00bb del gobernador.<\/p>\n<p>Pero el edil macrista evit\u00f3 adelantar la posici\u00f3n que tendr\u00e1n los concejales del bloque de Cambiemos, que evaluaron el impacto del anuncio durante una reuni\u00f3n que sostuvieron por la tarde.<\/p>\n<p>Parte del todo. Uno de los puntos que segu\u00eda ayer en debate era si se avanzaba o no con la unificaci\u00f3n de las dos empresas estatales de transporte p\u00fablico de pasajeros (La Mixta y Semtur). Desde el PRO se plantea que con esa unificaci\u00f3n se optimizar\u00edan recursos, ya que redundar\u00eda en la reducci\u00f3n de cargos gerenciales y administrativos.<\/p>\n<p>Lo que no prosper\u00f3 en las negociaciones entre oficialismo y oposici\u00f3n fue la propuesta de recaudar fondos mediante la utilizaci\u00f3n de las videoc\u00e1maras en las infracciones de tr\u00e1nsito. Una idea que el municipio reflot\u00f3 a comienzos de mes pero una vez m\u00e1s no tuvo qu\u00f3rum.<\/p>\n<p>La concejala socialista, Ver\u00f3nica Ir\u00edzar, se mostr\u00f3 confiada ayer en que finalmente se alcanzar\u00e1 un acuerdo para elevar la tarifa de colectivos. Se ver\u00e1 si alcanza para que hoy sea aprobada en el recinto o pasa para la pr\u00f3xima sesi\u00f3n.<\/p>\n<p>En paralelo, hoy estar\u00e1 en Buenos Aires una comitiva de la Secretar\u00eda de la Movilidad, encabezada por M\u00f3nica Alvarado, para empezar a dar los pasos hacia la homologaci\u00f3n de la tarjeta Movi con la Sube, que habilitar\u00e1 a los usuarios locales a acceder a los mismos beneficios que brinda Naci\u00f3n para varios sectores sociales vulnerables.<\/p>\n<p>Al ser consultado por LaCapital, el ministro de Transporte nacional, Guillermo Dietrich, explic\u00f3 que est\u00e1 previsto tener integrados los sistemas del pa\u00eds en un plazo de 18 meses.<\/p>\n<h6>Fuente: La Capital, Rosario<\/h6>\n","protected":false},"excerpt":{"rendered":"<p>Lo anunci\u00f3 el gobernador. La decisi\u00f3n, sumada a la suba de subsidios que otorg\u00f3 la Naci\u00f3n, intenta acercar posiciones para aprobar un aumento del boleto.<\/p>\n","protected":false},"author":2,"featured_media":47338,"comment_status":"closed","ping_status":"closed","sticky":false,"template":"","format":"standard","meta":{"footnotes":""},"categories":[2],"tags":[10],"class_list":["post-47337","post","type-post","status-publish","format-standard","has-post-thumbnail","hentry","category-informe-municipal","tag-santa-fe"],"_links":{"self":[{"href":"http:\/\/argentinamunicipal.com.ar\/argentina\/wp-json\/wp\/v2\/posts\/47337","targetHints":{"allow":["GET"]}}],"collection":[{"href":"http:\/\/argentinamunicipal.com.ar\/argentina\/wp-json\/wp\/v2\/posts"}],"about":[{"href":"http:\/\/argentinamunicipal.com.ar\/argentina\/wp-json\/wp\/v2\/types\/post"}],"author":[{"embeddable":true,"href":"http:\/\/argentinamunicipal.com.ar\/argentina\/wp-json\/wp\/v2\/users\/2"}],"replies":[{"embeddable":true,"href":"http:\/\/argentinamunicipal.com.ar\/argentina\/wp-json\/wp\/v2\/comments?post=47337"}],"version-history":[{"count":0,"href":"http:\/\/argentinamunicipal.com.ar\/argentina\/wp-json\/wp\/v2\/posts\/47337\/revisions"}],"wp:featuredmedia":[{"embeddable":true,"href":"http:\/\/argentinamunicipal.com.ar\/argentina\/wp-json\/wp\/v2\/media\/47338"}],"wp:attachment":[{"href":"http:\/\/argentinamunicipal.com.ar\/argentina\/wp-json\/wp\/v2\/media?parent=47337"}],"wp:term":[{"taxonomy":"category","embeddable":true,"href":"http:\/\/argentinamunicipal.com.ar\/argentina\/wp-json\/wp\/v2\/categories?post=47337"},{"taxonomy":"post_tag","embeddable":true,"href":"http:\/\/argentinamunicipal.com.ar\/argentina\/wp-json\/wp\/v2\/tags?post=47337"}],"curies":[{"name":"wp","href":"https:\/\/api.w.org\/{rel}","templated":true}]}}