{"id":47346,"date":"2016-04-28T07:32:03","date_gmt":"2016-04-28T10:32:03","guid":{"rendered":"http:\/\/argentinamunicipal.com.ar\/argentina\/?p=47346"},"modified":"2016-04-28T07:32:03","modified_gmt":"2016-04-28T10:32:03","slug":"compromiso-intendente-la-paz-construir-300-viviendas-la-ciudad","status":"publish","type":"post","link":"http:\/\/argentinamunicipal.com.ar\/argentina\/compromiso-intendente-la-paz-construir-300-viviendas-la-ciudad\/","title":{"rendered":"Compromiso con el Intendente de La Paz a construir 300 viviendas en la ciudad"},"content":{"rendered":"<p>El ministro del Interior, Obras P\u00fablicas y Vivienda de la Naci\u00f3n, Rogelio Frigerio, recibi\u00f3 al intendente de La Paz, Bruno Sarubi, para avanzar con diversos proyectos de infraestructura y construcci\u00f3n de viviendas sociales en el Municipio \u2022 La Naci\u00f3n prev\u00e9 la construcci\u00f3n de 300 casas en esa localidad, se inform\u00f3 a APFDigital<\/p>\n<p>En una primera etapa, se construir\u00e1n cien viviendas y una vez que el Municipio disponga de terrenos apropiados comenzar\u00e1n las obras para las restantes 200 casas, se indic\u00f3 en un comunicado enviado a esta Agencia por el Ministerio que conduce Rogelio Frigerio.<\/p>\n<p>Adem\u00e1s, Frigerio y Sarubi acordaron el inicio de obras de saneamiento en la ciudad y la construcci\u00f3n de un colector cloacal.<\/p>\n<p>Durante la reuni\u00f3n estuvieron presentes adem\u00e1s el subsecretario de Desarrollo Urbano y Vivienda, Iv\u00e1n Kerr; y su par de Gesti\u00f3n Municipal, Lucas Delfino.<\/p>\n<h6>Fuente: APF digital<\/h6>\n","protected":false},"excerpt":{"rendered":"<p>El ministro del Interior, Obras P\u00fablicas y Vivienda de la Naci\u00f3n, recibi\u00f3 al intendente de La Paz, Bruno Sarubi, para avanzar con diversos proyectos de infraestructura y construcci\u00f3n de viviendas sociales en el Municipio <\/p>\n","protected":false},"author":2,"featured_media":47347,"comment_status":"closed","ping_status":"closed","sticky":false,"template":"","format":"standard","meta":{"footnotes":""},"categories":[2],"tags":[17],"class_list":["post-47346","post","type-post","status-publish","format-standard","has-post-thumbnail","hentry","category-informe-municipal","tag-entre-rios"],"_links":{"self":[{"href":"http:\/\/argentinamunicipal.com.ar\/argentina\/wp-json\/wp\/v2\/posts\/47346","targetHints":{"allow":["GET"]}}],"collection":[{"href":"http:\/\/argentinamunicipal.com.ar\/argentina\/wp-json\/wp\/v2\/posts"}],"about":[{"href":"http:\/\/argentinamunicipal.com.ar\/argentina\/wp-json\/wp\/v2\/types\/post"}],"author":[{"embeddable":true,"href":"http:\/\/argentinamunicipal.com.ar\/argentina\/wp-json\/wp\/v2\/users\/2"}],"replies":[{"embeddable":true,"href":"http:\/\/argentinamunicipal.com.ar\/argentina\/wp-json\/wp\/v2\/comments?post=47346"}],"version-history":[{"count":0,"href":"http:\/\/argentinamunicipal.com.ar\/argentina\/wp-json\/wp\/v2\/posts\/47346\/revisions"}],"wp:featuredmedia":[{"embeddable":true,"href":"http:\/\/argentinamunicipal.com.ar\/argentina\/wp-json\/wp\/v2\/media\/47347"}],"wp:attachment":[{"href":"http:\/\/argentinamunicipal.com.ar\/argentina\/wp-json\/wp\/v2\/media?parent=47346"}],"wp:term":[{"taxonomy":"category","embeddable":true,"href":"http:\/\/argentinamunicipal.com.ar\/argentina\/wp-json\/wp\/v2\/categories?post=47346"},{"taxonomy":"post_tag","embeddable":true,"href":"http:\/\/argentinamunicipal.com.ar\/argentina\/wp-json\/wp\/v2\/tags?post=47346"}],"curies":[{"name":"wp","href":"https:\/\/api.w.org\/{rel}","templated":true}]}}