{"id":47385,"date":"2016-04-28T06:29:27","date_gmt":"2016-04-28T09:29:27","guid":{"rendered":"http:\/\/argentinamunicipal.com.ar\/argentina\/?p=47385"},"modified":"2016-04-28T08:31:50","modified_gmt":"2016-04-28T11:31:50","slug":"miedo-al-despido","status":"publish","type":"post","link":"http:\/\/argentinamunicipal.com.ar\/argentina\/miedo-al-despido\/","title":{"rendered":"Miedo al despido"},"content":{"rendered":"<p>&nbsp;<\/p>\n<p>El ministro de Hacienda pidi\u00f3 \u201cno creer en la sensaci\u00f3n t\u00e9rmica de los despidos\u201d. El ministro de Trabajo dijo que maneja cifras similares a las de 2015. Seg\u00fan Alfonso Prat-Gay y Jorge Triaca se destruye empleo tanto como se crea. O se crea tanto como se destruye. Sin embargo, las centrales obreras conf\u00edan en que ma\u00f1ana habr\u00e1 una gran movilizaci\u00f3n alrededor del Canto al trabajo, el monumento de Rogelio Yrurtia que retrata no el padecimiento del yugo sino el empleo como futuro triunfal del ser humano.<\/p>\n<p>El eje de la convocatoria es el rechazo a los despidos. Las especulaciones son infinitas. Las te\u00f3ricas, las sociol\u00f3gicas e incluso las conspirativas. Pero algo es seguro: todas las encuestadoras informan que hoy el miedo a perder el trabajo es uno de los grandes temas de inquietud junto con la inseguridad, el alza de precios y tarifas y la corrupci\u00f3n.<\/p>\n<p>Quiz\u00e1s por la certeza de las encuestas, el Gobierno se lanz\u00f3 a la pelea. Hasta la \u00faltima semana solo insist\u00eda en el c\u00edrculo virtuoso de los neoliberales. Pagar a los buitres y aumentar las tarifas crear\u00e1 confianza entre los inversores, los inversores inundar\u00e1n las pampas con sus d\u00f3lares, las industrias se levantar\u00e1n en todos los rincones del pa\u00eds, florecer\u00e1n las obras p\u00fablicas y crecer\u00e1 el empleo. Sea cre\u00edble o no esa m\u00edstica de mercado, pertenece al mundo del mediano plazo y las ilusiones. No por nada los funcionarios ya dejaron de mencionar el segundo semestre como un momento de salvaci\u00f3n nacional. Ahora hablan de septiembre o del \u00faltimo trimestre. O directamente no dicen plazos.<\/p>\n<p>En su cambio de tono el Gobierno conserv\u00f3 el optimismo de mercado para mantener viva la llama de la esperanza. Despu\u00e9s de todo, la pol\u00edtica no se rige solo por el bolsillo. Las expectativas cuentan. Pero a la vez se meti\u00f3 de lleno en dos discusiones. Una, sobre si dificultar los despidos por ley es \u00fatil o no. Otra, si de verdad hay m\u00e1s despidos o es solo una sensaci\u00f3n.<\/p>\n<p>En el primer terreno cuenta con el apoyo del establishment. \u201cCompartimos la visi\u00f3n de una parte significativa de la dirigencia de nuestro pa\u00eds seg\u00fan la cual deben desarrollarse pol\u00edticas de est\u00edmulo al trabajo \u2013como por ejemplo el proyecto \u2018Mi Primer Empleo\u2019\u2013 y no otras que desestimulan la concreci\u00f3n de inversiones y la generaci\u00f3n de empleos\u201d, dice el comunicado firmado por la Asociaci\u00f3n de Bancos de la Argentina, la Asociaci\u00f3n Cristiana de Dirigentes de Empresa, la Asociaci\u00f3n Empresaria Argentina, la C\u00e1mara de Comercio de los Estados Unidos, el Instituto para el Desarrollo Empresarial de la Argentina y la Sociedad Rural Argentina.<\/p>\n<p>El dream team<br \/>\nEl problema del oficialismo es que en la cuesti\u00f3n de fondo \u2013si el desempleo aument\u00f3 o es el de siempre\u2013 se da una tensi\u00f3n entre la credibilidad popular de Mauricio Macri, que todav\u00eda es respetable, y el miedo a quedarse sin trabajo. La credibilidad alimenta la ilusi\u00f3n y quita dramatismo a la espera. El miedo opera en tiempo real y mina la credibilidad.<\/p>\n<p>Incluso si se admite, por v\u00eda de hip\u00f3tesis, que Triaca tiene raz\u00f3n y que el empleo no cay\u00f3, el argumento de Prat-Gay reviste una dificultad grave: la sensaci\u00f3n t\u00e9rmica es verdadera, no imaginaria. Basta mirar el AccuWeather en el celu. Debajo de la temperatura, la sensaci\u00f3n t\u00e9rmica est\u00e1 expresada como real feel. Sensaci\u00f3n real.<\/p>\n<p>Una visi\u00f3n conspirativa podr\u00eda validar lo que dijo Prat-Gay. Dir\u00eda esa visi\u00f3n que una gigantesca m\u00e1quina de impedir estar\u00eda manipulando las cifras y la realidad para mentir e instalar el p\u00e1nico. Las tres entidades que se organizan bajo la sigla CGT de Confederaci\u00f3n General del Trabajo y las dos que reivindican la sigla CTA de Central de Trabajadores Argentinos forman un quinteto poderoso. Pero, \u00bflas cinco centrales podr\u00edan manipular con \u00e9xito a la sociedad entera? M\u00e1s todav\u00eda: \u00bfse puede hacer siquiera el intento de manipulaci\u00f3n sin contar con los grandes medios, con el cable y con la tele abierta, que hoy m\u00e1s bien comparten la visi\u00f3n del dream team?<\/p>\n<p>La realidad es que, m\u00e1s all\u00e1 de las cifras, en la l\u00f3gica de mercado el despido es una contingencia posible. Una variable m\u00e1s. Si encima, como sucede hoy, esa contingencia se torna real por cesant\u00edas en masa entre los estatales, por despidos privados y por suspensiones, con el a\u00f1adido de la reducci\u00f3n en las changas, habr\u00e1 miedo.<\/p>\n<p>El miedo paraliza si cada uno vive en solitario la propia angustia. Pero puede tener impacto pol\u00edtico cuando genera una respuesta colectiva.<\/p>\n<h6>Fuente: P\u00e1gina 12<\/h6>\n","protected":false},"excerpt":{"rendered":"<p>El ministro de Hacienda pidi\u00f3 \u201cno creer en la sensaci\u00f3n t\u00e9rmica de los despidos\u201d. El ministro de Trabajo dijo que maneja cifras similares a las de 2015.<\/p>\n","protected":false},"author":2,"featured_media":47386,"comment_status":"closed","ping_status":"closed","sticky":false,"template":"","format":"standard","meta":{"footnotes":""},"categories":[8],"tags":[21],"class_list":["post-47385","post","type-post","status-publish","format-standard","has-post-thumbnail","hentry","category-informe-nacional","tag-argentina"],"_links":{"self":[{"href":"http:\/\/argentinamunicipal.com.ar\/argentina\/wp-json\/wp\/v2\/posts\/47385","targetHints":{"allow":["GET"]}}],"collection":[{"href":"http:\/\/argentinamunicipal.com.ar\/argentina\/wp-json\/wp\/v2\/posts"}],"about":[{"href":"http:\/\/argentinamunicipal.com.ar\/argentina\/wp-json\/wp\/v2\/types\/post"}],"author":[{"embeddable":true,"href":"http:\/\/argentinamunicipal.com.ar\/argentina\/wp-json\/wp\/v2\/users\/2"}],"replies":[{"embeddable":true,"href":"http:\/\/argentinamunicipal.com.ar\/argentina\/wp-json\/wp\/v2\/comments?post=47385"}],"version-history":[{"count":0,"href":"http:\/\/argentinamunicipal.com.ar\/argentina\/wp-json\/wp\/v2\/posts\/47385\/revisions"}],"wp:featuredmedia":[{"embeddable":true,"href":"http:\/\/argentinamunicipal.com.ar\/argentina\/wp-json\/wp\/v2\/media\/47386"}],"wp:attachment":[{"href":"http:\/\/argentinamunicipal.com.ar\/argentina\/wp-json\/wp\/v2\/media?parent=47385"}],"wp:term":[{"taxonomy":"category","embeddable":true,"href":"http:\/\/argentinamunicipal.com.ar\/argentina\/wp-json\/wp\/v2\/categories?post=47385"},{"taxonomy":"post_tag","embeddable":true,"href":"http:\/\/argentinamunicipal.com.ar\/argentina\/wp-json\/wp\/v2\/tags?post=47385"}],"curies":[{"name":"wp","href":"https:\/\/api.w.org\/{rel}","templated":true}]}}