{"id":47395,"date":"2016-04-28T05:38:07","date_gmt":"2016-04-28T08:38:07","guid":{"rendered":"http:\/\/argentinamunicipal.com.ar\/argentina\/?p=47395"},"modified":"2016-04-28T08:40:09","modified_gmt":"2016-04-28T11:40:09","slug":"advierten-31-la-produccion-las-pymes","status":"publish","type":"post","link":"http:\/\/argentinamunicipal.com.ar\/argentina\/advierten-31-la-produccion-las-pymes\/","title":{"rendered":"Advierten que baj\u00f3 un 3,1 % la producci\u00f3n de las pymes"},"content":{"rendered":"<p>As\u00ed lo revel\u00f3 un informe difundido hoy por la Confederaci\u00f3n Argentina de la Mediana Empresa (CAME).<\/p>\n<p>La producci\u00f3n de las pymes industriales volvi\u00f3 a caer en marzo, con un 3,1% interanual, mientras que para los pr\u00f3ximos seis meses, s\u00f3lo una minor\u00eda de empresas visualiza un escenario de recuperaci\u00f3n.<\/p>\n<p>As\u00ed lo revel\u00f3 un informe difundido hoy por la Confederaci\u00f3n Argentina de la Mediana Empresa (CAME).<\/p>\n<p>Si bien la producci\u00f3n de las pymes industriales cay\u00f3 en marzo, se increment\u00f3 levemente el porcentaje de empresas con aumentos interanuales (de 18% en febrero a 21,6%), de acuerdo con el trabajo.<\/p>\n<p>CAME precis\u00f3 que el \u00fanico sector manufacturero que escap\u00f3 a la tendencia bajista fue Alimentos y Bebidas, que subi\u00f3 2,7%.<\/p>\n<p>\u00abEn parte por eso y en parte por los problemas de liquidez y rentabilidad, el 78,8% de las industrias siguen sin reactivar sus planes de inversi\u00f3n para el a\u00f1o\u00bb, alert\u00f3 la entidad.<\/p>\n<p>Y a\u00f1adi\u00f3 que en la comparaci\u00f3n mensual (marzo 2016 versus febrero 2016) la producci\u00f3n de este sector tuvo un incremento de 9,6%, aunque empujado exclusivamente por factores estacionales.<\/p>\n<p>Estos datos surgieron de la Encuesta Mensual Industrial realizada por CAME entre 250 industrias pymes del pa\u00eds. Seg\u00fan ese relevamiento, marzo fue un mes \u0091bueno\u0092 s\u00f3lo para el 24% de las empresas consultadas; en cambio, el 62,4% lo calific\u00f3 como \u0091regular\u0092 y el 13,6% como \u0091malo\u0092 o \u0091muy malo\u0092.<\/p>\n<p>Adem\u00e1s, la encuesta revel\u00f3 que la mayor\u00eda de los rubros manufactureros continuaron afectados por los bajos niveles de demanda interna: de los 11 rubros relevados, 10 finalizaron el mes en baja y s\u00f3lo 1 -Alimentos y Bebidas- tuvo mayores niveles de actividad.<\/p>\n<p>\u00abAlgunas industrias, especialmente las alimentarias, percibieron mayor movimiento en la demanda externa, lo que permiti\u00f3 compensar la ca\u00edda local\u00bb, detall\u00f3 CAME.<\/p>\n<p>La entidad indic\u00f3, adem\u00e1s, que los rubros con peor performance en marzo fueron \u0091M\u00e1quinas y Herramientas\u0092, \u0091Material de Transporte\u0092, y \u0091Productos electromec\u00e1nicos\u0092, afectados por la menor demanda de inversi\u00f3n y la baja actividad industrial general.<\/p>\n<p>Asimismo, explic\u00f3 que los incrementos en los costos de producci\u00f3n perjudicaron una vez m\u00e1s al industrial: en promedio, los empresarios consultados declararon subas mensuales de 4,1% en sus costos, mientras que sus precios subieron 1,9%.<\/p>\n<p>De todos modos, el 57% de las industrias consultadas no modific\u00f3 sus precios de venta, y absorbieron los mayores costos con su rentabilidad. El informe puntualiz\u00f3, tambi\u00e9n, que en marzo s\u00f3lo el 21,6% de las industrias declar\u00f3 aumentos anuales en sus niveles de producci\u00f3n, mientras que el 44,8% finaliz\u00f3 en baja y el 33,6% restante, sin cambios.<\/p>\n<p>Por sectores, las ramas m\u00e1s afectadas en la comparaci\u00f3n anual, en marzo, fueron: \u0091Material de Transporte\u0092 (-7,1%), \u0091Productos de metal, maquinaria y equipo\u0092 (-5,9%), \u0091Productos electro-mec\u00e1nicos e inform\u00e1tica\u0092 (-6,0%), \u0091Textiles\u0092 (-4,7%), y \u0091Productos de Caucho y Pl\u00e1stico\u0092 (-4,2%); el \u00fanico rubro en alza fue \u0091Alimentos y Bebidas\u0092 con un aumento anual de 2,7%, detall\u00f3 CAME.<\/p>\n<p>Por \u00faltimo, resalt\u00f3 que, en este contexto, la inversi\u00f3n de la industria pyme \u00absigue retra\u00edda. Por el momento el 78,8% de las firmas consultadas no planea inversiones para el a\u00f1o. S\u00f3lo un 14,4% de las empresas consultadas tiene planes previstos, y otro 6,8% podr\u00eda activar desembolsos si la coyuntura mejora\u00bb, recuper\u00f3 la agencia NA.<\/p>\n<h6>Fuente: MDZ Online<\/h6>\n","protected":false},"excerpt":{"rendered":"<p>As\u00ed lo revel\u00f3 un informe difundido hoy por la Confederaci\u00f3n Argentina de la Mediana Empresa (CAME).<\/p>\n","protected":false},"author":2,"featured_media":47396,"comment_status":"closed","ping_status":"closed","sticky":false,"template":"","format":"standard","meta":{"footnotes":""},"categories":[8],"tags":[21],"class_list":["post-47395","post","type-post","status-publish","format-standard","has-post-thumbnail","hentry","category-informe-nacional","tag-argentina"],"_links":{"self":[{"href":"http:\/\/argentinamunicipal.com.ar\/argentina\/wp-json\/wp\/v2\/posts\/47395","targetHints":{"allow":["GET"]}}],"collection":[{"href":"http:\/\/argentinamunicipal.com.ar\/argentina\/wp-json\/wp\/v2\/posts"}],"about":[{"href":"http:\/\/argentinamunicipal.com.ar\/argentina\/wp-json\/wp\/v2\/types\/post"}],"author":[{"embeddable":true,"href":"http:\/\/argentinamunicipal.com.ar\/argentina\/wp-json\/wp\/v2\/users\/2"}],"replies":[{"embeddable":true,"href":"http:\/\/argentinamunicipal.com.ar\/argentina\/wp-json\/wp\/v2\/comments?post=47395"}],"version-history":[{"count":0,"href":"http:\/\/argentinamunicipal.com.ar\/argentina\/wp-json\/wp\/v2\/posts\/47395\/revisions"}],"wp:featuredmedia":[{"embeddable":true,"href":"http:\/\/argentinamunicipal.com.ar\/argentina\/wp-json\/wp\/v2\/media\/47396"}],"wp:attachment":[{"href":"http:\/\/argentinamunicipal.com.ar\/argentina\/wp-json\/wp\/v2\/media?parent=47395"}],"wp:term":[{"taxonomy":"category","embeddable":true,"href":"http:\/\/argentinamunicipal.com.ar\/argentina\/wp-json\/wp\/v2\/categories?post=47395"},{"taxonomy":"post_tag","embeddable":true,"href":"http:\/\/argentinamunicipal.com.ar\/argentina\/wp-json\/wp\/v2\/tags?post=47395"}],"curies":[{"name":"wp","href":"https:\/\/api.w.org\/{rel}","templated":true}]}}