{"id":47456,"date":"2016-04-29T07:49:14","date_gmt":"2016-04-29T10:49:14","guid":{"rendered":"http:\/\/argentinamunicipal.com.ar\/argentina\/?p=47456"},"modified":"2016-04-29T07:49:14","modified_gmt":"2016-04-29T10:49:14","slug":"la-provincia-rios-tomara-credito-la-obra-la-ruta-11","status":"publish","type":"post","link":"http:\/\/argentinamunicipal.com.ar\/argentina\/la-provincia-rios-tomara-credito-la-obra-la-ruta-11\/","title":{"rendered":"La Provincia de Entre R\u00edos tomar\u00e1 el cr\u00e9dito para la obra en la ruta 11"},"content":{"rendered":"<p>Al rubricar el contrato para dar inicio a la segunda etapa de la obra de agua potable en Valle Mar\u00eda, el gobernador Gustavo Bordet anunci\u00f3 que hoy firmar\u00e1 con el ministro del Interior de la Naci\u00f3n, Rogelio Frigerio, el documento que autoriza a la provincia a tomar el cr\u00e9dito de 300 millones de pesos para encarar la reparaci\u00f3n de la ruta 11, entre Paran\u00e1 y Diamante.<\/p>\n<p>Bordet estuvo ayer en esa localidad del departamento Diamante, junto al intendente vecinalista Arsenio Ortman, donde rubric\u00f3 el contrato para iniciar la segunda etapa de la obra que dotar\u00e1 con agua potable a la ciudad de 3.500 habitantes . Los trabajos, que demandan 12,8 millones de pesos, comprenden el muelle de toma de agua en el r\u00edo, siete mil metros de ca\u00f1er\u00eda desde all\u00ed hasta la planta ya instalada y la incorporaci\u00f3n de otras dos cisternas con capacidad para 200.000 litros de agua.<\/p>\n<p>Bordet se refiri\u00f3 adem\u00e1s a otros emprendimientos y obras que acordaron con el intendente llevar adelante en esa localidad y la regi\u00f3n, mencionando especialmente la decisi\u00f3n de encarar los trabajos en la ruta 11, entre Paran\u00e1 y Diamante. \u201cHemos conseguido desde la provincia el financiamiento de 300 millones de pesos para darle continuidad a la ruta 11\u201d, dijo e inform\u00f3 que hoy firmar\u00e1 el acuerdo mutuo con el gobierno nacional, a trav\u00e9s del ministro del Interior, para hacer el llamado a licitaci\u00f3n.<\/p>\n<p>Indic\u00f3 que tambi\u00e9n dialogaron con el intendente sobre otras obras y que se decidi\u00f3 darle continuidad al jard\u00edn materno infantil, cuyo proceso licitatorio est\u00e1 listo para su adjudicaci\u00f3n, y que demandar\u00e1 una inversi\u00f3n de la provincia cercana a los 8,5 millones de pesos.<\/p>\n<p>Junto al gobernador y el intendente, estuvieron el diputado provincial Juan Carlos Darrich\u00f3n, el ministro de Planeamiento, Lu\u00eds Benedetto; la secretaria de Obras P\u00fablicas, Alicia Ben\u00edtez; y el director de Obras Sanitarias, Hugo Righelato, entre otras autoridades.<\/p>\n<h6>Fuente: El Diario Entre R\u00edos<\/h6>\n","protected":false},"excerpt":{"rendered":"<p>El gobernador Gustavo Bordet anunci\u00f3 que hoy firmar\u00e1 el documento que autoriza a la provincia a tomar el cr\u00e9dito de 300 millones de pesos para encarar la reparaci\u00f3n de la ruta 11, entre Paran\u00e1 y Diamante. <\/p>\n","protected":false},"author":2,"featured_media":47457,"comment_status":"closed","ping_status":"closed","sticky":false,"template":"","format":"standard","meta":{"footnotes":""},"categories":[65],"tags":[17],"class_list":["post-47456","post","type-post","status-publish","format-standard","has-post-thumbnail","hentry","category-provincias","tag-entre-rios"],"_links":{"self":[{"href":"http:\/\/argentinamunicipal.com.ar\/argentina\/wp-json\/wp\/v2\/posts\/47456","targetHints":{"allow":["GET"]}}],"collection":[{"href":"http:\/\/argentinamunicipal.com.ar\/argentina\/wp-json\/wp\/v2\/posts"}],"about":[{"href":"http:\/\/argentinamunicipal.com.ar\/argentina\/wp-json\/wp\/v2\/types\/post"}],"author":[{"embeddable":true,"href":"http:\/\/argentinamunicipal.com.ar\/argentina\/wp-json\/wp\/v2\/users\/2"}],"replies":[{"embeddable":true,"href":"http:\/\/argentinamunicipal.com.ar\/argentina\/wp-json\/wp\/v2\/comments?post=47456"}],"version-history":[{"count":0,"href":"http:\/\/argentinamunicipal.com.ar\/argentina\/wp-json\/wp\/v2\/posts\/47456\/revisions"}],"wp:featuredmedia":[{"embeddable":true,"href":"http:\/\/argentinamunicipal.com.ar\/argentina\/wp-json\/wp\/v2\/media\/47457"}],"wp:attachment":[{"href":"http:\/\/argentinamunicipal.com.ar\/argentina\/wp-json\/wp\/v2\/media?parent=47456"}],"wp:term":[{"taxonomy":"category","embeddable":true,"href":"http:\/\/argentinamunicipal.com.ar\/argentina\/wp-json\/wp\/v2\/categories?post=47456"},{"taxonomy":"post_tag","embeddable":true,"href":"http:\/\/argentinamunicipal.com.ar\/argentina\/wp-json\/wp\/v2\/tags?post=47456"}],"curies":[{"name":"wp","href":"https:\/\/api.w.org\/{rel}","templated":true}]}}