{"id":47547,"date":"2016-05-02T08:36:32","date_gmt":"2016-05-02T11:36:32","guid":{"rendered":"http:\/\/argentinamunicipal.com.ar\/argentina\/?p=47547"},"modified":"2016-05-02T08:36:32","modified_gmt":"2016-05-02T11:36:32","slug":"exposicion-venta-artesanias-productos-andinos-san-antonio-los-cobres","status":"publish","type":"post","link":"http:\/\/argentinamunicipal.com.ar\/argentina\/exposicion-venta-artesanias-productos-andinos-san-antonio-los-cobres\/","title":{"rendered":"Exposici\u00f3n y venta de artesan\u00edas y productos andinos de San Antonio de los Cobres"},"content":{"rendered":"<p>Se invita a visitar la Exposici\u00f3n y venta de Artesan\u00edas y productos andinos que se encontrar\u00e1 en el Centro Cultural Am\u00e9rica sito en Mitre 23, Salta Capital desde el Martes 3 al 30 de Mayo de 09:00 a 21:00 hs.<\/p>\n<p>El acto oficial sera el d\u00eda martes 3 de Mayo a las 11:00 hs. y contar\u00e1 con la presencia de nuestro Intendente Municipal.<\/p>\n<p>De esta importante exposici\u00f3n y venta participar\u00e1n artesanos del Mercado Artesanal de San Antonio de los Cobres, Olacapato y Santa Rosa de los Pastos Grandes. Habr\u00e1 una gran variedad de productos textiles, cer\u00e1mica, piedras ornamentales, hierbas arom\u00e1ticas, embutidos de llama, productos de cuero curtido de oveja y de llama y fieltro.<\/p>\n<p>Todo esto es producto de un trabajo en conjunto y mediante las mismas los logros obtenidos. Tambi\u00e9n habr\u00e1 un stand del \u00e1rea de turismo con todos los servicios y atractivos tur\u00edsticos de la zona.<\/p>\n<h6>Fuente: La Hora de Salta<\/h6>\n","protected":false},"excerpt":{"rendered":"<p>Se invita a visitar la Exposici\u00f3n y venta de Artesan\u00edas y productos andinos que se encontrar\u00e1 en el Centro Cultural Am\u00e9rica sito en Mitre 23, Salta Capital desde el Martes 3 al 30 de Mayo de 09:00 a 21:00 hs.<\/p>\n","protected":false},"author":2,"featured_media":47548,"comment_status":"closed","ping_status":"closed","sticky":false,"template":"","format":"standard","meta":{"footnotes":""},"categories":[47],"tags":[9],"class_list":["post-47547","post","type-post","status-publish","format-standard","has-post-thumbnail","hentry","category-fiestas","tag-salta"],"_links":{"self":[{"href":"http:\/\/argentinamunicipal.com.ar\/argentina\/wp-json\/wp\/v2\/posts\/47547","targetHints":{"allow":["GET"]}}],"collection":[{"href":"http:\/\/argentinamunicipal.com.ar\/argentina\/wp-json\/wp\/v2\/posts"}],"about":[{"href":"http:\/\/argentinamunicipal.com.ar\/argentina\/wp-json\/wp\/v2\/types\/post"}],"author":[{"embeddable":true,"href":"http:\/\/argentinamunicipal.com.ar\/argentina\/wp-json\/wp\/v2\/users\/2"}],"replies":[{"embeddable":true,"href":"http:\/\/argentinamunicipal.com.ar\/argentina\/wp-json\/wp\/v2\/comments?post=47547"}],"version-history":[{"count":0,"href":"http:\/\/argentinamunicipal.com.ar\/argentina\/wp-json\/wp\/v2\/posts\/47547\/revisions"}],"wp:featuredmedia":[{"embeddable":true,"href":"http:\/\/argentinamunicipal.com.ar\/argentina\/wp-json\/wp\/v2\/media\/47548"}],"wp:attachment":[{"href":"http:\/\/argentinamunicipal.com.ar\/argentina\/wp-json\/wp\/v2\/media?parent=47547"}],"wp:term":[{"taxonomy":"category","embeddable":true,"href":"http:\/\/argentinamunicipal.com.ar\/argentina\/wp-json\/wp\/v2\/categories?post=47547"},{"taxonomy":"post_tag","embeddable":true,"href":"http:\/\/argentinamunicipal.com.ar\/argentina\/wp-json\/wp\/v2\/tags?post=47547"}],"curies":[{"name":"wp","href":"https:\/\/api.w.org\/{rel}","templated":true}]}}