{"id":47556,"date":"2016-05-03T06:28:56","date_gmt":"2016-05-03T09:28:56","guid":{"rendered":"http:\/\/argentinamunicipal.com.ar\/argentina\/?p=47556"},"modified":"2016-05-03T06:28:56","modified_gmt":"2016-05-03T09:28:56","slug":"concejales-varela-alerta-los-despidos-la-crisis-universitaria","status":"publish","type":"post","link":"http:\/\/argentinamunicipal.com.ar\/argentina\/concejales-varela-alerta-los-despidos-la-crisis-universitaria\/","title":{"rendered":"Concejales de Varela en alerta por los despidos y la crisis universitaria"},"content":{"rendered":"<p>Concejales del FpV de Florencio Varela impulsaron esta semana proyectos de declaraci\u00f3n para que desde la Provincia y desde la Naci\u00f3n tomen medidas para contrarrestar los efectos de las pol\u00edticas del gobierno que ponen en riesgo la actividad industrial y hasta la continuidad de la Universidad Nacional Arturo Jauretche.<\/p>\n<p>En cuanto a los despidos, vale recordar que hace dos semanas, la empresa Honda decidi\u00f3 cerrar su planta en el distrito, con lo cual quedaron en jaque 250 puestos de trabajo. En tal sentido, los ediles varelenses vincularon la situaci\u00f3n con \u201clos tarifazos en los servicios p\u00fablicos y por la crisis que causa la recesion en Brasil\u201d que \u201cderiva en la puesta en riesgo de la fuente de trabajo de m\u00e1s de 200 mil trabajadores del sector industrial\u201d.<\/p>\n<p>En ese marco, los ediles quieren \u201cinstar al Gobierno Provincial y al poder Ejecutivo de La Naci\u00f3n que atrav\u00e9s de las \u00e1reas que corresponda gestione un \u201ccambio\u201d en la decisi\u00f3n de la empresa, que permita que la misma contin\u00fae desarrollando su actividad en nuestro distrito\u201d.<\/p>\n<p>Respecto de la UNAJ, en tanto, los concejales se hicieron eco de la denuncia del Rector de esa casa de altos estudios, en las que dio cuenta de los efectos del tarifazo el\u00e9ctrico, que, indic\u00f3, \u201cabsorbe la casi totalidad del presupuesto para gastos corrientes, ($220.000) de los $300.00 que se destinan para el pago de la factura de luz\u201d.<\/p>\n<p>Seg\u00fan los ediles, en estas condiciones \u201ces muy dif\u00edcil llevar adelante el funcionamiento de la Universidad con esa peque\u00f1a parte del presupuesto que qued\u00f3\u201d. Consideraron, a la par, que \u201cla situaci\u00f3n se agrava debido a que esas partidas presupuestarias no llegan en tiempo y forma\u201d, por lo cual \u201csi el presupuesto inicial no tiene un incremento llevara irremediablemente a un d\u00e9ficit muy grande\u201d.<\/p>\n<p>En ese contexto, instan al Poder Ejecutivo a que \u201clleve adelante de manera urgente una recomposici\u00f3n del presupuesto asignado a las Universidades Nacionales\u201d y que \u201cexcluya a las universidades publicas del aumento de las tarifas publicas que afectan de manera significativa el presupuesto de las mismas\u201d.<\/p>\n<h6>Fuente: InfoCielo<\/h6>\n","protected":false},"excerpt":{"rendered":"<p>Concejales del FpV de Florencio Varela impulsaron esta semana proyectos de declaraci\u00f3n para que desde la Provincia y desde la Naci\u00f3n tomen medidas para contrarrestar los efectos de las pol\u00edticas del gobierno <\/p>\n","protected":false},"author":2,"featured_media":47557,"comment_status":"closed","ping_status":"closed","sticky":false,"template":"","format":"standard","meta":{"footnotes":""},"categories":[4],"tags":[12],"class_list":["post-47556","post","type-post","status-publish","format-standard","has-post-thumbnail","hentry","category-informe-politico","tag-buenos-aires"],"_links":{"self":[{"href":"http:\/\/argentinamunicipal.com.ar\/argentina\/wp-json\/wp\/v2\/posts\/47556","targetHints":{"allow":["GET"]}}],"collection":[{"href":"http:\/\/argentinamunicipal.com.ar\/argentina\/wp-json\/wp\/v2\/posts"}],"about":[{"href":"http:\/\/argentinamunicipal.com.ar\/argentina\/wp-json\/wp\/v2\/types\/post"}],"author":[{"embeddable":true,"href":"http:\/\/argentinamunicipal.com.ar\/argentina\/wp-json\/wp\/v2\/users\/2"}],"replies":[{"embeddable":true,"href":"http:\/\/argentinamunicipal.com.ar\/argentina\/wp-json\/wp\/v2\/comments?post=47556"}],"version-history":[{"count":0,"href":"http:\/\/argentinamunicipal.com.ar\/argentina\/wp-json\/wp\/v2\/posts\/47556\/revisions"}],"wp:featuredmedia":[{"embeddable":true,"href":"http:\/\/argentinamunicipal.com.ar\/argentina\/wp-json\/wp\/v2\/media\/47557"}],"wp:attachment":[{"href":"http:\/\/argentinamunicipal.com.ar\/argentina\/wp-json\/wp\/v2\/media?parent=47556"}],"wp:term":[{"taxonomy":"category","embeddable":true,"href":"http:\/\/argentinamunicipal.com.ar\/argentina\/wp-json\/wp\/v2\/categories?post=47556"},{"taxonomy":"post_tag","embeddable":true,"href":"http:\/\/argentinamunicipal.com.ar\/argentina\/wp-json\/wp\/v2\/tags?post=47556"}],"curies":[{"name":"wp","href":"https:\/\/api.w.org\/{rel}","templated":true}]}}