{"id":47559,"date":"2016-05-03T06:34:15","date_gmt":"2016-05-03T09:34:15","guid":{"rendered":"http:\/\/argentinamunicipal.com.ar\/argentina\/?p=47559"},"modified":"2016-05-03T06:34:15","modified_gmt":"2016-05-03T09:34:15","slug":"la-estrategia-cambiemos-la-fam-consenso-lugares-ortodoxos-del-fpv","status":"publish","type":"post","link":"http:\/\/argentinamunicipal.com.ar\/argentina\/la-estrategia-cambiemos-la-fam-consenso-lugares-ortodoxos-del-fpv\/","title":{"rendered":"La estrategia de Cambiemos para la FAM: Consenso y lugares para \u201cortodoxos\u201d del FpV"},"content":{"rendered":"<p>La Federaci\u00f3n de Municipios es uno de los objetivos del Gobierno y ya hay varios candidatos para liderarla. Quieren que deje de ser \u201cun bot\u00edn de guerra\u201d y que sea una \u00abherramienta\u00bb para los intendentes. La consideran clave para su plan de lograr \u00abmunicipios m\u00e1s aut\u00f3nomos\u00bb.<\/p>\n<p>La intenci\u00f3n de Cambiemos de quedarse con la Federaci\u00f3n Argentina de Municipios (FAM) se consolida. A los foros de intendentes de las \u00faltimas semanas, se suma el apoyo del Ministerio del Interior de la Naci\u00f3n, que ya tom\u00f3 cartas en el asunto y dise\u00f1a una estrategia para llegar al consenso, invitando a \u201cortodoxos\u201d del Frente para la Victoria a participar de la nueva \u201cc\u00fapula\u201d.<\/p>\n<p>Nadie quiere ceder. El actual presidente de la FAM, el intendente de Florencio Varela Julio Pereyra, tambi\u00e9n lanz\u00f3 su plan para retener el espacio, y varios jefes comunales salieron a avisar p\u00fablicamente que no est\u00e1n dispuestos a entregar el mando. Pero Cambiemos insiste y dialoga \u201ccon todos\u201d para intentar convencerlos.<\/p>\n<p>La danza de nombres est\u00e1 liderada por Ram\u00f3n Mestre (intendente de C\u00f3rdoba), pero en la lista tambi\u00e9n aparecen anotados Gustavo S\u00e1enz (Salta), Jorge Macri (Vicente L\u00f3pez) y Horacio \u201cPechi\u201d Quiroga (Neuqu\u00e9n). Ya sin N\u00e9stor Grindetti en la carrera, tras el esc\u00e1ndalo de los Panam\u00e1 Papers, el PRO asegura que \u201chay intendentes j\u00f3venes, como Nicol\u00e1s Ducot\u00e9, que tambi\u00e9n tiene inter\u00e9s en participar\u201d, y adelantan que \u201cen los pr\u00f3ximos 15 \u00f3 20 d\u00edas se va a ir ordenando\u201d.<\/p>\n<p>\u201cLa idea es generar alg\u00fan candidato de consenso, pero teniendo al Presidente, la Gobernadora que representa el 40 por ciento del padr\u00f3n electoral y alrededor de 500 intendentes del espacio y otros allegados que tienen la vocaci\u00f3n de trabajar con el Gobierno nacional, en eso estamos trabajando\u201d, asegur\u00f3 a INFOCIELO Lucas Delfino, subsecretario de Asuntos Municipales del Ministerio del Interior y excandidato a intendente de Hurlingham. Desde su oficina en la cartera que dirige Rogelio Frigerio, Delfino habla \u201ccon todos\u201d, pero especialmente con Pereyra, Eduardo \u201cBali\u201d Bucca (Bol\u00edvar) y Ariel Sujarchuk (Escobar), aunque blanquea que hasta ahora \u201cson posiciones encontradas\u201d.<\/p>\n<p>El consenso incluye una negociaci\u00f3n con el FpV para no llegar a elecciones, algo que nunca sucedi\u00f3 en la FAM, y a cambio ofrecen que \u201cparte de la comisi\u00f3n\u201d est\u00e9 integrada por \u201calguien del FpV m\u00e1s ortodoxo\u201d. Delfino asegur\u00f3 que la intensi\u00f3n es que la Federaci\u00f3n deje de ser \u201cun bot\u00edn de guerra de los partidos\u201d y asegur\u00f3 que \u201cen los \u00faltimos a\u00f1os estuvo desaprovechada\u201d.<\/p>\n<p><strong>Municipios m\u00e1s aut\u00f3nomos<\/strong><br \/>\n\u201cTiene que ser una herramienta m\u00e1s para plantear lo que viene, que son los gobiernos locales y los municipios\u201d, agreg\u00f3 el funcionario nacional sobre el objetivo de la FAM y explic\u00f3 el plan del Gobierno: \u201cEn los pr\u00f3ximos cuatro a\u00f1os los municipios deben empezar poco a poco a tener m\u00e1s responsabilidades y m\u00e1s recursos\u201d.<\/p>\n<p>\u201cHay que romper la idea del municipio que solamente paga sueldos y le queda muy poquito para obras, pero creemos tambi\u00e9n que tienen que estar m\u00e1s preparados. El objetivo de estos cuatro a\u00f1os es lograr municipios m\u00e1s aut\u00f3nomos y sustentables en sus cuentas, en la generaci\u00f3n de empleo genuino y en la posibilidad de realizar obras\u201d, concluy\u00f3 Delfino.<\/p>\n<h6>Fuente: InfoCielo<\/h6>\n","protected":false},"excerpt":{"rendered":"<p>La Federaci\u00f3n de Municipios es uno de los objetivos del Gobierno y ya hay varios candidatos para liderarla. Quieren que deje de ser \u201cun bot\u00edn de guerra\u201d y que sea una \u00abherramienta\u00bb para los intendentes. <\/p>\n","protected":false},"author":2,"featured_media":47560,"comment_status":"closed","ping_status":"closed","sticky":false,"template":"","format":"standard","meta":{"footnotes":""},"categories":[4],"tags":[12],"class_list":["post-47559","post","type-post","status-publish","format-standard","has-post-thumbnail","hentry","category-informe-politico","tag-buenos-aires"],"_links":{"self":[{"href":"http:\/\/argentinamunicipal.com.ar\/argentina\/wp-json\/wp\/v2\/posts\/47559","targetHints":{"allow":["GET"]}}],"collection":[{"href":"http:\/\/argentinamunicipal.com.ar\/argentina\/wp-json\/wp\/v2\/posts"}],"about":[{"href":"http:\/\/argentinamunicipal.com.ar\/argentina\/wp-json\/wp\/v2\/types\/post"}],"author":[{"embeddable":true,"href":"http:\/\/argentinamunicipal.com.ar\/argentina\/wp-json\/wp\/v2\/users\/2"}],"replies":[{"embeddable":true,"href":"http:\/\/argentinamunicipal.com.ar\/argentina\/wp-json\/wp\/v2\/comments?post=47559"}],"version-history":[{"count":0,"href":"http:\/\/argentinamunicipal.com.ar\/argentina\/wp-json\/wp\/v2\/posts\/47559\/revisions"}],"wp:featuredmedia":[{"embeddable":true,"href":"http:\/\/argentinamunicipal.com.ar\/argentina\/wp-json\/wp\/v2\/media\/47560"}],"wp:attachment":[{"href":"http:\/\/argentinamunicipal.com.ar\/argentina\/wp-json\/wp\/v2\/media?parent=47559"}],"wp:term":[{"taxonomy":"category","embeddable":true,"href":"http:\/\/argentinamunicipal.com.ar\/argentina\/wp-json\/wp\/v2\/categories?post=47559"},{"taxonomy":"post_tag","embeddable":true,"href":"http:\/\/argentinamunicipal.com.ar\/argentina\/wp-json\/wp\/v2\/tags?post=47559"}],"curies":[{"name":"wp","href":"https:\/\/api.w.org\/{rel}","templated":true}]}}