{"id":4756,"date":"2014-03-24T10:57:53","date_gmt":"2014-03-24T13:57:53","guid":{"rendered":"http:\/\/argentinamunicipal.com.ar\/argentina\/?p=4756"},"modified":"2014-03-31T09:18:05","modified_gmt":"2014-03-31T12:18:05","slug":"movilizaciones-y-actos-en-todo-el-pais-por-el-dia-nacional-de-la-memoria-por-la-verdad-y-justicia","status":"publish","type":"post","link":"http:\/\/argentinamunicipal.com.ar\/argentina\/movilizaciones-y-actos-en-todo-el-pais-por-el-dia-nacional-de-la-memoria-por-la-verdad-y-justicia\/","title":{"rendered":"Movilizaciones y actos en todo el pa\u00eds por el D\u00eda Nacional de la Memoria por la Verdad y Justicia"},"content":{"rendered":"<p>&nbsp;<\/p>\n<p>El acto central por el 38 aniversario del golpe de Estado tendr\u00e1 lugar, como todos los a\u00f1os, en la Plaza de Mayo, donde Abuelas de Plaza de Mayo, HIJOS, Madres de Plaza de Mayo L\u00ednea Fundadora y familiares de desaparecidos y detenidos convocaron a una marcha a partir de las 12, bajo la consigna \u00abDemocracia o corporaciones\u00bb.<\/p>\n<p>&nbsp;<\/p>\n<p>Organismos de derechos humanos y organizaciones sociales y pol\u00edticas realizar\u00e1n diversos actos y movilizaciones en el marco del D\u00eda Nacional de la Memoria por la Verdad y la Justicia, que recuerda el inicio de la \u00faltima dictadura militar en 1976.<\/p>\n<p>El acto central por el 38 aniversario del golpe de Estado tendr\u00e1 lugar, como todos los a\u00f1os, en la Plaza de Mayo, donde Abuelas de Plaza de Mayo, HIJOS, Madres de Plaza de Mayo L\u00ednea Fundadora y familiares de desaparecidos y detenidos convocaron a una marcha a partir de las 12, bajo la consigna \u00abDemocracia o corporaciones\u00bb.<\/p>\n<p>En tanto, el acto oficial del gobierno ser\u00e1 a las 18 en la ex ESMA, el cumplirse el d\u00e9cimo aniversario de la creaci\u00f3n del \u00abEspacio Memoria y Derechos Humanos\u00bb en el predio donde funcion\u00f3 la Escuela de Mec\u00e1nica de la Armada durante la \u00faltima dictadura militar.<\/p>\n<p>El acto m\u00e1s importante de la jornada tendr\u00e1 lugar, como todos los a\u00f1os, frente a la Casa Rosada, hasta donde marchar\u00e1n, desde distintos puntos de la Ciudad, numerosas organismos de derechos humanos, organizaciones sociales y agrupaciones pol\u00edticas bajo el lema \u00abDemocracia o Corporaciones\u00bb.<\/p>\n<p>Cerca del mediod\u00eda, los militantes de HIJOS, Abuelas y Madres de Plaza de Mayo L\u00ednea Fundadora, Familiares de desaparecidos y detenidos se concentrar\u00e1n en la intersecci\u00f3n de la Avenida 9 de Julio y Avenida de Mayo. El Movimiento Libres del Sur convoc\u00f3 desde las 14,30 a sus militantes a marchar desde Avenida de Mayo y Luis S\u00e1enz Pe\u00f1a con la consigna \u00abfuera Milani, fuera Berni, no a la represi\u00f3n de la protesta social\u00bb, y el Partido Obrero se concentrar\u00e1 una hora m\u00e1s tarde en el Congreso.<\/p>\n<p><a href=\"http:\/\/argentinamunicipal.com.ar\/argentina\/wp-content\/uploads\/2014\/03\/AC_1545.jpg\"><img loading=\"lazy\" decoding=\"async\" class=\"aligncenter size-full wp-image-4757\" alt=\"AC_1545\" src=\"http:\/\/argentinamunicipal.com.ar\/argentina\/wp-content\/uploads\/2014\/03\/AC_1545.jpg\" width=\"1009\" height=\"535\" srcset=\"http:\/\/argentinamunicipal.com.ar\/argentina\/wp-content\/uploads\/2014\/03\/AC_1545.jpg 1009w, http:\/\/argentinamunicipal.com.ar\/argentina\/wp-content\/uploads\/2014\/03\/AC_1545-300x159.jpg 300w\" sizes=\"auto, (max-width: 1009px) 100vw, 1009px\" \/><\/a><\/p>\n<p>En tanto, las organizaciones Marea Popular, Frente Popular Dar\u00edo Santill\u00e1n Corriente Nacional, Podemos, Corriente Unidad Sur, entre otras, se reunir\u00e1n a las 14, frente a la Bolsa de Comercio, en avenida Corrientes y 25 de Mayo.<br \/>\nEl MST-Nueva Izquierda y la agrupaci\u00f3n Nuevo MAS se sumar\u00e1n a la marcha a partir de las 15.30, desde el Congreso hasta Plaza de Mayo.<\/p>\n<p>A las 18, en el edificio de la ex ESMA, ubicado en avenida Del Libertador al 8151, se inaugurar\u00e1 la se\u00f1alizaci\u00f3n del sitio con los pilares de \u00abMemoria, Verdad y Justicia\u00bb, con el objetivo de visibilizar el rol de ese lugar en el plan sistem\u00e1tico de detenci\u00f3n, tortura y desaparici\u00f3n.<\/p>\n<p>Por su parte, referentes, legisladores y militantes del frente porte\u00f1o UNEN conmemorar\u00e1n a las 10.30 el nuevo aniversario del tr\u00e1gico golpe de Estado en la entrada de la Iglesia Santa Cruz, ubicada en la intersecci\u00f3n de las calles General Urquiza y Estados Unidos.<\/p>\n<p>En tanto, a las 19,30, se realizar\u00e1 una actividad en el ex centro de detenci\u00f3n y torturas \u00abClub Atl\u00e9tico\u00bb, en avenida Paseo Col\u00f3n entre Cochabamba y San Juan, donde se encender\u00e1n antorchas para homenajear las v\u00edctimas del \u00faltimo gobierno militar.<\/p>\n<p>En La Plata, a partir de las 12, se colocar\u00e1n baldosas en homenaje a la memoria de los desaparecidos Alberto Georgiadis y Horacio Rapaport, en la Plaza Islas Malvinas, ubicada en las calles 19 y 51 y se colocar\u00e1 un escenario en 131 y 640, donde desde las 16 tocar\u00e1 el grupo Las Pastillas del Abuelo. Estos actos se replicar\u00e1n en las principales ciudades del pa\u00eds, como Rosario, Mendoza y C\u00f3rdoba.<\/p>\n<h6>Fuente: Infocielo<\/h6>\n","protected":false},"excerpt":{"rendered":"<p>&nbsp; El acto central por el 38 aniversario del golpe de Estado tendr\u00e1 lugar, como todos los a\u00f1os, en la Plaza de Mayo, donde Abuelas de Plaza de Mayo, HIJOS, Madres de Plaza de Mayo L\u00ednea Fundadora y familiares de desaparecidos y detenidos convocaron a una marcha a partir de las 12, bajo la consigna<\/p>\n","protected":false},"author":1,"featured_media":4757,"comment_status":"closed","ping_status":"closed","sticky":false,"template":"","format":"standard","meta":{"footnotes":""},"categories":[8],"tags":[21],"class_list":["post-4756","post","type-post","status-publish","format-standard","has-post-thumbnail","hentry","category-informe-nacional","tag-argentina"],"_links":{"self":[{"href":"http:\/\/argentinamunicipal.com.ar\/argentina\/wp-json\/wp\/v2\/posts\/4756","targetHints":{"allow":["GET"]}}],"collection":[{"href":"http:\/\/argentinamunicipal.com.ar\/argentina\/wp-json\/wp\/v2\/posts"}],"about":[{"href":"http:\/\/argentinamunicipal.com.ar\/argentina\/wp-json\/wp\/v2\/types\/post"}],"author":[{"embeddable":true,"href":"http:\/\/argentinamunicipal.com.ar\/argentina\/wp-json\/wp\/v2\/users\/1"}],"replies":[{"embeddable":true,"href":"http:\/\/argentinamunicipal.com.ar\/argentina\/wp-json\/wp\/v2\/comments?post=4756"}],"version-history":[{"count":0,"href":"http:\/\/argentinamunicipal.com.ar\/argentina\/wp-json\/wp\/v2\/posts\/4756\/revisions"}],"wp:featuredmedia":[{"embeddable":true,"href":"http:\/\/argentinamunicipal.com.ar\/argentina\/wp-json\/wp\/v2\/media\/4757"}],"wp:attachment":[{"href":"http:\/\/argentinamunicipal.com.ar\/argentina\/wp-json\/wp\/v2\/media?parent=4756"}],"wp:term":[{"taxonomy":"category","embeddable":true,"href":"http:\/\/argentinamunicipal.com.ar\/argentina\/wp-json\/wp\/v2\/categories?post=4756"},{"taxonomy":"post_tag","embeddable":true,"href":"http:\/\/argentinamunicipal.com.ar\/argentina\/wp-json\/wp\/v2\/tags?post=4756"}],"curies":[{"name":"wp","href":"https:\/\/api.w.org\/{rel}","templated":true}]}}