{"id":4764,"date":"2014-03-25T07:47:41","date_gmt":"2014-03-25T10:47:41","guid":{"rendered":"http:\/\/argentinamunicipal.com.ar\/argentina\/?p=4764"},"modified":"2014-03-31T09:18:16","modified_gmt":"2014-03-31T12:18:16","slug":"convocan-a-apagar-el-consumo-hoy-contra-las-subas-abusivas-de-precios","status":"publish","type":"post","link":"http:\/\/argentinamunicipal.com.ar\/argentina\/convocan-a-apagar-el-consumo-hoy-contra-las-subas-abusivas-de-precios\/","title":{"rendered":"Convocan a \u00abapagar\u00bb el consumo hoy contra las subas abusivas de precios"},"content":{"rendered":"<div id=\"attachment_4765\" style=\"width: 631px\" class=\"wp-caption aligncenter\"><a href=\"http:\/\/argentinamunicipal.com.ar\/argentina\/wp-content\/uploads\/2014\/03\/0324-eco1201-na.jpg_88717827.jpg\"><img loading=\"lazy\" decoding=\"async\" aria-describedby=\"caption-attachment-4765\" class=\"size-full wp-image-4765\" alt=\"Puja distributiva. Los consumidores tomaron a Precios Cuidados como gu\u00eda de compras y piden que se cumpla.\" src=\"http:\/\/argentinamunicipal.com.ar\/argentina\/wp-content\/uploads\/2014\/03\/0324-eco1201-na.jpg_88717827.jpg\" width=\"621\" height=\"465\" srcset=\"http:\/\/argentinamunicipal.com.ar\/argentina\/wp-content\/uploads\/2014\/03\/0324-eco1201-na.jpg_88717827.jpg 621w, http:\/\/argentinamunicipal.com.ar\/argentina\/wp-content\/uploads\/2014\/03\/0324-eco1201-na.jpg_88717827-300x224.jpg 300w\" sizes=\"auto, (max-width: 621px) 100vw, 621px\" \/><\/a><p id=\"caption-attachment-4765\" class=\"wp-caption-text\">Puja distributiva. Los consumidores tomaron a Precios Cuidados como gu\u00eda de compras y piden que se cumpla.<\/p><\/div>\n<p>Llamado de la Uni\u00f3n de Consumidores de Argentina. Una entidad propuso dejar de comprar en los s\u00faper por un d\u00eda, en reclamo para que cumplan con el programa Precios Cuidados.<\/p>\n<p>La Uni\u00f3n de Consumidores de Argentina (UCA) llam\u00f3 a realizar hoy un \u00abapag\u00f3n de consumo\u00bb en protesta contra las subas \u00ababusivas\u00bb de precios y contra el desabastecimiento de productos esenciales de la canasta b\u00e1sica.<\/p>\n<p>El presidente de la entidad, Fernando Blanco Mui\u00f1o, asegur\u00f3 que gran parte de la inflaci\u00f3n que afecta a la econom\u00eda de los argentinos es provocada por ajustes de precios \u00ababusivos\u00bb. Y convoc\u00f3 a no comprar en los supermercados durante 24 horas para \u00abdecir basta a las cadenas que se abusan de su posici\u00f3n dominante\u00bb.<\/p>\n<p>\u00abQueremos seguir construyendo el rol activo y colectivo del consumidor de modo que convocamos desde la sociedad civil, sin bander\u00edas partidarias, sin acciones agraviantes, a este nuevo apag\u00f3n para que no nos sigan metiendo la mano en los bolsillos\u00bb, dijo.<\/p>\n<p>La UCA es una asociaci\u00f3n de defensa de los derechos de los consumidores y usuarios con sede en la ciudad de Buenos Aires, creada en el a\u00f1o 1996.<br \/>\nSu presidente denunci\u00f3 que los supermercados no respetan el acuerdo de Precios Cuidados. \u00abNo ofrecen los listados en sus puertas, no reponen productos, no se\u00f1alizan en g\u00f3ndola, ofrecen la peor fruta y verdura, la carne es pura grasa y, cuando no tienen un producto, no lo reemplazan o lo hacen por uno de su propia marca\u00bb, se\u00f1al\u00f3. La entidad se manifest\u00f3 cansada \u00abde estos formadores de precios que destrozan nuestros salarios\u00bb.<\/p>\n<p>En Rosario, seg\u00fan el \u00faltimo relevamiento realizado por la Asociaci\u00f3n de Empleados de Comercio (AEC), el cumplimiento de Precios Cuidados presenta algunos matices respecto del diagn\u00f3stico elaborado por la asociaci\u00f3n porte\u00f1a. Ese informe revel\u00f3 un grado mayor de incumplimiento entre las cadenas locales que entre las internacionales.<\/p>\n<h3>La estrategia rosarina<\/h3>\n<p>El gremio mercantil hizo punta en el control del del programa y ya presentaron dos relevamientos. Otros sindicatos se sumaron durante la \u00faltima semana a la tarea, mientras que el Centro Uni\u00f3n de Almaceneros firm\u00f3 con el gobierno nacional un acuerdo para sumarse al programa de administraci\u00f3n de precios.<\/p>\n<p>La estrategia de las entidades gremiales y de consumidores en Rosario no pasa por el apag\u00f3n del consumo sino por la creaci\u00f3n de una red para contener los precios. De hecho, ma\u00f1ana se reunir\u00e1 en la sede del sindicato mercantil la mesa de trabajo habilitada por el Concejo Municipal para organizar las tareas de control. Participar\u00e1n el secretario general de los mercantiles rosarinos, Luis Battistelli; el presidente del Concejo, Miguel Zamarini, el titular de los almaceneros, Juan Milito, representantes de la C\u00e1mara de Supermercados de Rosario y de la organizaci\u00f3n de defensa de los consumidores Cesyac), entre otros.<\/p>\n<p>Poco antes, en la delegaci\u00f3n Rosario de la C\u00e1mara de Diputados de Santa Fe, los legisladores provinciales del PJ presentar\u00e1n un proyecto de ley que faculta a los municipios a convertirse, en \u00f3rganos de control de Precios Cuidados. Estar\u00e1n los diputados Rubeo, Toniolli, Robustelli, Rico, Urruty, Damiani y Picardi.<\/p>\n<h3>Almaceneros reciben adherentes<\/h3>\n<p>El Centro Uni\u00f3n Almaceneros de Rosario inform\u00f3 que los comerciantes interesados en incorporarse al acuerdo de Precios Cuidados que firm\u00f3 con el gobierno nacional pueden concurrir a la sede de la entidad, Rioja 1631 (2\u00ba piso), de 14 a 18. Tambi\u00e9n pueden comunicarse al tel\u00e9fono 4213350. La incorporaci\u00f3n de los peque\u00f1os comercios al programa se formaliz\u00f3 la semana pasada con la presencia en Rosario del titular de Comercio Interior, Augusto costa.<\/p>\n<h6>Fuente: La Capital de Rosario<\/h6>\n","protected":false},"excerpt":{"rendered":"<p>Llamado de la Uni\u00f3n de Consumidores de Argentina. Una entidad propuso dejar de comprar en los s\u00faper por un d\u00eda, en reclamo para que cumplan con el programa Precios Cuidados. La Uni\u00f3n de Consumidores de Argentina (UCA) llam\u00f3 a realizar hoy un \u00abapag\u00f3n de consumo\u00bb en protesta contra las subas \u00ababusivas\u00bb de precios y contra<\/p>\n","protected":false},"author":1,"featured_media":4765,"comment_status":"closed","ping_status":"closed","sticky":false,"template":"","format":"standard","meta":{"footnotes":""},"categories":[5,8],"tags":[21],"class_list":["post-4764","post","type-post","status-publish","format-standard","has-post-thumbnail","hentry","category-informe-economico","category-informe-nacional","tag-argentina"],"_links":{"self":[{"href":"http:\/\/argentinamunicipal.com.ar\/argentina\/wp-json\/wp\/v2\/posts\/4764","targetHints":{"allow":["GET"]}}],"collection":[{"href":"http:\/\/argentinamunicipal.com.ar\/argentina\/wp-json\/wp\/v2\/posts"}],"about":[{"href":"http:\/\/argentinamunicipal.com.ar\/argentina\/wp-json\/wp\/v2\/types\/post"}],"author":[{"embeddable":true,"href":"http:\/\/argentinamunicipal.com.ar\/argentina\/wp-json\/wp\/v2\/users\/1"}],"replies":[{"embeddable":true,"href":"http:\/\/argentinamunicipal.com.ar\/argentina\/wp-json\/wp\/v2\/comments?post=4764"}],"version-history":[{"count":0,"href":"http:\/\/argentinamunicipal.com.ar\/argentina\/wp-json\/wp\/v2\/posts\/4764\/revisions"}],"wp:featuredmedia":[{"embeddable":true,"href":"http:\/\/argentinamunicipal.com.ar\/argentina\/wp-json\/wp\/v2\/media\/4765"}],"wp:attachment":[{"href":"http:\/\/argentinamunicipal.com.ar\/argentina\/wp-json\/wp\/v2\/media?parent=4764"}],"wp:term":[{"taxonomy":"category","embeddable":true,"href":"http:\/\/argentinamunicipal.com.ar\/argentina\/wp-json\/wp\/v2\/categories?post=4764"},{"taxonomy":"post_tag","embeddable":true,"href":"http:\/\/argentinamunicipal.com.ar\/argentina\/wp-json\/wp\/v2\/tags?post=4764"}],"curies":[{"name":"wp","href":"https:\/\/api.w.org\/{rel}","templated":true}]}}