{"id":47658,"date":"2016-05-04T06:25:10","date_gmt":"2016-05-04T09:25:10","guid":{"rendered":"http:\/\/argentinamunicipal.com.ar\/argentina\/?p=47658"},"modified":"2016-05-04T06:25:10","modified_gmt":"2016-05-04T09:25:10","slug":"intendentes-del-fpv-salieron-cruzar-al-ministro-ritondo-los-trato-golpistas","status":"publish","type":"post","link":"http:\/\/argentinamunicipal.com.ar\/argentina\/intendentes-del-fpv-salieron-cruzar-al-ministro-ritondo-los-trato-golpistas\/","title":{"rendered":"Intendentes del FpV salieron a cruzar al ministro Ritondo, que los trat\u00f3 de \u201cgolpistas\u201d"},"content":{"rendered":"<p>El ministro de Seguridad hizo un pedido a los jefes Comunales para que \u201cno tengan actitudes golpistas\u201d. Intendentes respondieron que son dichos \u201cinapropiados\u201d y le enrostraron deudas de la Provincia para con sus distritos.<\/p>\n<p>El ministro de Seguridad, Cristian Ritondo, lanz\u00f3 hoy una pol\u00e9mica declaraci\u00f3n en relaci\u00f3n a la supuesta actitud \u201cgolpista\u201d de intendentes del FpV, que enmarc\u00f3 en los dichos de Fernando Espinoza en torno al posible \u201cestallido\u201d, hace ya varias semanas.<\/p>\n<p>\u201cNosotros esperamos que los intendentes tengan una actitud democr\u00e1tica\u201d, dijo a Infobae el funcionario bonaerense, tras lo cual record\u00f3 que \u201cen la provincia hemos repartido a los municipios m\u00e1s de $ 1.000 millones\u201d, por lo cual, dijo, \u201cesperamos que los intendentes no tengan actitudes golpistas\u201d.<\/p>\n<p>En di\u00e1logo con INFOCIELO, Francisco Dura\u00f1ona, de San Antonio de Areco; Hern\u00e1n Ralinqueo, de Veinticinco de Mayo, y Alexis Guerrera, de General Pinto, cuestionaron en distinto tono los dichos del ministro y dijeron lo suyo.<\/p>\n<p>El joven intendente de Veinticinco de Mayo, Hern\u00e1n Ralinqueo, record\u00f3 que \u201cla situaci\u00f3n econ\u00f3mica es real\u201d y que \u201cla econom\u00eda tiene numerosas dificultades\u201d. En ese marco, subray\u00f3 que \u201chay un treinta por ciento de aumentos en los combustibles, lo cual genera problemas en los municipios y en los comercios, que est\u00e1n en una situaci\u00f3n preocupante\u201d. Adem\u00e1s, enumer\u00f3 el aumento de la luz que, dijo, \u201cva a afectar seriamente\u201d y \u201cresentir el consumo interno\u201d.<\/p>\n<p>\u201cMe parece una declaraci\u00f3n fuerte, inapropiada para el momento. Lo que hay que hacer es ocuparse de los problemas de la gente\u201d, concluy\u00f3 el Jefe Comunal, consultado por este portal.<\/p>\n<p>Desde General Pinto, Alexis Guerrera sum\u00f3 a los cuestionamiento algunos pases de factura. \u201cSeguimos garantizando la seguridad en el distrito a\u00fan a pesar de que nos deben la cuota de la polic\u00eda comunal desde enero, que no fue actualizada en funci\u00f3n de los tarifazos y la devaluaci\u00f3n, y no he salido a generar ning\u00fan golpe\u201d, declar\u00f3.<\/p>\n<p>Por \u00faltimo, Francisco Dura\u00f1ona, de San Antonio de Areco, afirm\u00f3 que \u201cel \u00fanico que da golpes ac\u00e1 es Mauricio Macri a los argentinos con todas las medidas que est\u00e1 tomando, absolutamente contradictorias con los objetivos que propuso en campa\u00f1a y cuando asumi\u00f3 de reducir la pobreza y pacificar a los argentinos\u201d.<\/p>\n<p>\u201cSoy de los que hace un voto de confianza a Macri, deseando profundamente para que le vaya bien. Pero lo hago desde mi lugar de militante del peronismo que hoy le toca ser oposici\u00f3n. Y la oposici\u00f3n debe alertar sobre los verdaderos golpes que afectan a los ciudadanos\u201d, justific\u00f3. \u201cEsperemos que el Gobierno deje de dar golpes al bolsillo y dignidad de los argentinos\u201d, concluy\u00f3 el mandatario arequero.<\/p>\n<h6>Fuente: InfoCielo<\/h6>\n","protected":false},"excerpt":{"rendered":"<p>El ministro de Seguridad hizo un pedido a los jefes Comunales para que \u201cno tengan actitudes golpistas\u201d. Intendentes respondieron que son dichos \u201cinapropiados\u201d y le enrostraron deudas de la Provincia para con sus distritos.<\/p>\n","protected":false},"author":2,"featured_media":47659,"comment_status":"closed","ping_status":"closed","sticky":false,"template":"","format":"standard","meta":{"footnotes":""},"categories":[4],"tags":[12],"class_list":["post-47658","post","type-post","status-publish","format-standard","has-post-thumbnail","hentry","category-informe-politico","tag-buenos-aires"],"_links":{"self":[{"href":"http:\/\/argentinamunicipal.com.ar\/argentina\/wp-json\/wp\/v2\/posts\/47658","targetHints":{"allow":["GET"]}}],"collection":[{"href":"http:\/\/argentinamunicipal.com.ar\/argentina\/wp-json\/wp\/v2\/posts"}],"about":[{"href":"http:\/\/argentinamunicipal.com.ar\/argentina\/wp-json\/wp\/v2\/types\/post"}],"author":[{"embeddable":true,"href":"http:\/\/argentinamunicipal.com.ar\/argentina\/wp-json\/wp\/v2\/users\/2"}],"replies":[{"embeddable":true,"href":"http:\/\/argentinamunicipal.com.ar\/argentina\/wp-json\/wp\/v2\/comments?post=47658"}],"version-history":[{"count":0,"href":"http:\/\/argentinamunicipal.com.ar\/argentina\/wp-json\/wp\/v2\/posts\/47658\/revisions"}],"wp:featuredmedia":[{"embeddable":true,"href":"http:\/\/argentinamunicipal.com.ar\/argentina\/wp-json\/wp\/v2\/media\/47659"}],"wp:attachment":[{"href":"http:\/\/argentinamunicipal.com.ar\/argentina\/wp-json\/wp\/v2\/media?parent=47658"}],"wp:term":[{"taxonomy":"category","embeddable":true,"href":"http:\/\/argentinamunicipal.com.ar\/argentina\/wp-json\/wp\/v2\/categories?post=47658"},{"taxonomy":"post_tag","embeddable":true,"href":"http:\/\/argentinamunicipal.com.ar\/argentina\/wp-json\/wp\/v2\/tags?post=47658"}],"curies":[{"name":"wp","href":"https:\/\/api.w.org\/{rel}","templated":true}]}}