{"id":47664,"date":"2016-05-04T05:28:17","date_gmt":"2016-05-04T08:28:17","guid":{"rendered":"http:\/\/argentinamunicipal.com.ar\/argentina\/?p=47664"},"modified":"2016-05-04T06:36:17","modified_gmt":"2016-05-04T09:36:17","slug":"47664-2","status":"publish","type":"post","link":"http:\/\/argentinamunicipal.com.ar\/argentina\/47664-2\/","title":{"rendered":"San Isidro: Vinculan gastos por $22 millones en propaganda con la frustrada campa\u00f1a a gobernador de Posse"},"content":{"rendered":"<p>Desde el Frente Renovador de San Isidro adelantaron que \u201ccomo todos los a\u00f1os\u201d votar\u00e1n en contra de la Rendici\u00f3n de Cuentas del jefe comunal Gustavo Posse. Las cr\u00edticas del massismo se centran en que intendente gast\u00f3 el a\u00f1o pasado al menos 22 millones de pesos del presupuesto municipal en prensa y propaganda, fondos que vinculan con sus frutradas intenciones de llegar a la Gobernaci\u00f3n.<\/p>\n<p>La concejala del Frente Renovador Marcela Durrieu coment\u00f3 que \u201cdentro de poco\u201d ingresar\u00e1 el Concejo Deliberante la Rendici\u00f3n de Cuentas del Ejercicio 2015 y que desde su espacio \u201ccomo todos los a\u00f1os\u201d votar\u00e1n en contra. \u201cHay cosas bastante asombrosas como por ejemplo que en 2015 Posse gast\u00f3 22 millones del Presupuesto municipal en prensa y propaganda, adem\u00e1s de lo que tiene cada secretar\u00eda en particular\u201d, apunt\u00f3 la edil opositora en entrevista con el programa radial Aqu\u00ed no ha pasado nada.<\/p>\n<p>Es que si bien Durrieu reconoci\u00f3 que \u201clos medios locales razonablemente deben financiarse con pauta municipal\u201d, diferenci\u00f3 que los 22 millones que Posse destin\u00f3 a prensa y propaganda fueron a parar a \u201cgrandes empresas period\u00edsticas relacionadas con la pol\u00edtica\u201d<\/p>\n<p>\u00abNo me parecer\u00eda mal si se difundieran actividades concretas, como una campa\u00f1a de vacunaci\u00f3n, pero no es l\u00f3gico pagarles a medios que tienen programas pol\u00edticos nacionales y no tienen nada que ver con el Municipio. Para un Presupuesto como el de San Isidro es absurdo cuando hay problemas graves a resolver\u00bb, remarc\u00f3 Durrieu al mismo medio.<\/p>\n<p>Asimismo, la concejala massista precis\u00f3 que tambi\u00e9n \u201chay gastos en medios de comunicaci\u00f3n de todo el interior provincial con la campa\u00f1a &#8216;San Isidro S\u00ed\u00b4 que nos cost\u00f3 un mill\u00f3n y medio de pesos\u201d. \u201cAh\u00ed qued\u00f3 claro el financiamiento con fondos municipales de la fallida campa\u00f1a para la gobernaci\u00f3n bonaerense de Gustavo Posse y tambi\u00e9n explica el blindaje medi\u00e1tico del intendente\u00bb, agreg\u00f3 Durrieu.<\/p>\n<p>Por otra parte, la dirigente que responde a Sergio Massa volvi\u00f3 a arremeter contra el jefe comunal al vincularlo con supuestos hechos de corrupci\u00f3n. En este sentido ejemplific\u00f3: \u201cHoy est\u00e1 en boca de todos el tema Milagros Sala con la construcci\u00f3n de viviendas, al igual que (Julio) De Vido, y San Isidro que hay una situaci\u00f3n casi igual, o si se quiere peor porque es m\u00e1s volumen con el Plan Federal de Viviendas, no sale en ning\u00fan lado\u00bb.<\/p>\n<h6>Fuente: InfoCielo<\/h6>\n","protected":false},"excerpt":{"rendered":"<p>Desde el Frente Renovador de San Isidro adelantaron que \u201ccomo todos los a\u00f1os\u201d votar\u00e1n en contra de la Rendici\u00f3n de Cuentas del jefe comunal Gustavo Posse.<\/p>\n","protected":false},"author":2,"featured_media":47665,"comment_status":"closed","ping_status":"closed","sticky":false,"template":"","format":"standard","meta":{"footnotes":""},"categories":[4],"tags":[12],"class_list":["post-47664","post","type-post","status-publish","format-standard","has-post-thumbnail","hentry","category-informe-politico","tag-buenos-aires"],"_links":{"self":[{"href":"http:\/\/argentinamunicipal.com.ar\/argentina\/wp-json\/wp\/v2\/posts\/47664","targetHints":{"allow":["GET"]}}],"collection":[{"href":"http:\/\/argentinamunicipal.com.ar\/argentina\/wp-json\/wp\/v2\/posts"}],"about":[{"href":"http:\/\/argentinamunicipal.com.ar\/argentina\/wp-json\/wp\/v2\/types\/post"}],"author":[{"embeddable":true,"href":"http:\/\/argentinamunicipal.com.ar\/argentina\/wp-json\/wp\/v2\/users\/2"}],"replies":[{"embeddable":true,"href":"http:\/\/argentinamunicipal.com.ar\/argentina\/wp-json\/wp\/v2\/comments?post=47664"}],"version-history":[{"count":0,"href":"http:\/\/argentinamunicipal.com.ar\/argentina\/wp-json\/wp\/v2\/posts\/47664\/revisions"}],"wp:featuredmedia":[{"embeddable":true,"href":"http:\/\/argentinamunicipal.com.ar\/argentina\/wp-json\/wp\/v2\/media\/47665"}],"wp:attachment":[{"href":"http:\/\/argentinamunicipal.com.ar\/argentina\/wp-json\/wp\/v2\/media?parent=47664"}],"wp:term":[{"taxonomy":"category","embeddable":true,"href":"http:\/\/argentinamunicipal.com.ar\/argentina\/wp-json\/wp\/v2\/categories?post=47664"},{"taxonomy":"post_tag","embeddable":true,"href":"http:\/\/argentinamunicipal.com.ar\/argentina\/wp-json\/wp\/v2\/tags?post=47664"}],"curies":[{"name":"wp","href":"https:\/\/api.w.org\/{rel}","templated":true}]}}