{"id":47715,"date":"2016-05-05T07:17:45","date_gmt":"2016-05-05T10:17:45","guid":{"rendered":"http:\/\/argentinamunicipal.com.ar\/argentina\/?p=47715"},"modified":"2016-05-05T07:17:45","modified_gmt":"2016-05-05T10:17:45","slug":"golpeados-80-los-locales-santa-fe-asegura-vendio-menos","status":"publish","type":"post","link":"http:\/\/argentinamunicipal.com.ar\/argentina\/golpeados-80-los-locales-santa-fe-asegura-vendio-menos\/","title":{"rendered":"Golpeados: el 80% de los locales de Santa Fe\u00a0asegura que vendi\u00f3 menos"},"content":{"rendered":"<p>Es en relaci\u00f3n a las unidades f\u00edsicas vendidas entre marzo y abril. Con respecto a igual mes del a\u00f1o anterior, el 78,15% afirm\u00f3 que sus ventas retrocedieron. Una buena: son pocos los locales que han cerrado sus puertas<\/p>\n<p>\u201cPreocupante y persistente\u201d, as\u00ed define la situaci\u00f3n por la que atraviesa el sector comercial un informe que releva las ventas que dej\u00f3 abril. Es importante destacar que los datos no se rigen por los niveles de facturaci\u00f3n, que pueden verse distorsionados por el proceso inflacionario. En tal sentido, los guarismo corresponden a las actividades medidas en unidades f\u00edsicas.<\/p>\n<p>El documento del Centro Comercial desprende como dato destacado que el 79,17 por ciento de los locales consultados asegur\u00f3 que durante abril vendi\u00f3 menos que el mes anterior, marzo. La situaci\u00f3n no es distante en comparaci\u00f3n con el mismo mes del a\u00f1o anterior. En este sentido, el 78,15 por ciento de los comerciantes reconoci\u00f3 disminuciones en sus ventas. Cabe destacar que la disminuci\u00f3n en las ventas se corresponden con diferentes vol\u00famenes de ca\u00edda, seg\u00fan cada local consultado.\u00a0En di\u00e1logo con Diario UNO, el titular del Centro Comercial de Santa Fe, Norberto Raselli, afirm\u00f3 : \u201cLas ventas se siguen deteriorando, la recesi\u00f3n todav\u00eda es importante\u201d.<\/p>\n<p><strong>Interanual<\/strong><\/p>\n<p>En la comparaci\u00f3n interanual solo un 10,41% reconoci\u00f3 incrementos en sus ventas y un 11,44% admiti\u00f3 haberlas mantenido. El documento insiste en la \u201cpersistencia\u201d del actual escenario que \u00a0viene manifest\u00e1ndose desde hace varios meses. Adem\u00e1s, un 37,5% de los comerciantes consider\u00f3 que sus ventas cayeron hasta un 10%; el 25% manifest\u00f3 una disminuci\u00f3n de hasta el 20%, y 9,40% afirm\u00f3 una reducci\u00f3n en sus ventas mayor al 30%.<\/p>\n<p><strong>\u00a0Marzo-abril<\/strong><br \/>\nAl comparar el corriente mes de abril con su mes inmediato anterior, casi el 80% (79,17) declar\u00f3 una disminuci\u00f3n en su nivel de actividad. Solamente un 6,25% de los encuestados reconoci\u00f3 mayores ventas, y un 14,58% inform\u00f3 niveles similares al mes inmediato anterior. Adem\u00e1s, el 31,25% de los consultados afirm\u00f3 que sus ventas disminuyeron hasta un 10%; el 29,17% \u00a0consider\u00f3 una ca\u00edda de hasta un 20%. Por \u00faltimo, el 18,75% de los comerciantes declar\u00f3 una baja mayor al 30%.<\/p>\n<p><strong>Tarifas y mal clima \u00a0<\/strong><br \/>\nEl documento destaca como una variable importante el incremento en los costos de algunos servicios, en particular de la energ\u00eda el\u00e9ctrica. M\u00e1s de la mitad de los encuestados coincidi\u00f3 en que los ha afectado entre un 10 y 20% el aumento de la energ\u00eda, pero se distingue que un 20,83% de los comerciantes vio afectado sus costos fijos en m\u00e1s del 20%. Por \u00faltimo, un 23,50% de los locales se vio afectado entre un 5 y 10%.<\/p>\n<p>Los datos demuestran que la mayor\u00eda de los comercios, a excepci\u00f3n del 4,7%, se vio golpeado en mayor o menor medida por la actualizaci\u00f3n tarifaria en el servicio el\u00e9ctrico y por lo tanto termina afectando los costos fijos de los mismos.<\/p>\n<p>El fen\u00f3meno h\u00eddrico tambi\u00e9n castig\u00f3 al sector y complic\u00f3 el panorama del comercio local. Santa Fe no fue la excepci\u00f3n y al igual que toda la regi\u00f3n y gran parte de la provincia sufri\u00f3 d\u00edas intensos de lluvia y mal tiempo. Del total de los comercios, un 37,5 por ciento de los mismos observ\u00f3 una afectaci\u00f3n cercana al 10%; un 20,8% consider\u00f3 una afectaci\u00f3n entre un 10% y un 20%, y un 33,33% se vio afectada en m\u00e1s del 20%. En s\u00edntesis, por el fen\u00f3meno h\u00eddrico, m\u00e1s del 90 por ciento de los comercios consideraron que se vieron \u00a0golpeados por el temporal que sacudi\u00f3 a la regi\u00f3n.<\/p>\n<h6>Fuente: Uno Santa Fe<\/h6>\n","protected":false},"excerpt":{"rendered":"<p>Es en relaci\u00f3n a las unidades f\u00edsicas vendidas entre marzo y abril. Con respecto a igual mes del a\u00f1o anterior, el 78,15% afirm\u00f3 que sus ventas retrocedieron. <\/p>\n","protected":false},"author":2,"featured_media":47716,"comment_status":"closed","ping_status":"closed","sticky":false,"template":"","format":"standard","meta":{"footnotes":""},"categories":[5],"tags":[10],"class_list":["post-47715","post","type-post","status-publish","format-standard","has-post-thumbnail","hentry","category-informe-economico","tag-santa-fe"],"_links":{"self":[{"href":"http:\/\/argentinamunicipal.com.ar\/argentina\/wp-json\/wp\/v2\/posts\/47715","targetHints":{"allow":["GET"]}}],"collection":[{"href":"http:\/\/argentinamunicipal.com.ar\/argentina\/wp-json\/wp\/v2\/posts"}],"about":[{"href":"http:\/\/argentinamunicipal.com.ar\/argentina\/wp-json\/wp\/v2\/types\/post"}],"author":[{"embeddable":true,"href":"http:\/\/argentinamunicipal.com.ar\/argentina\/wp-json\/wp\/v2\/users\/2"}],"replies":[{"embeddable":true,"href":"http:\/\/argentinamunicipal.com.ar\/argentina\/wp-json\/wp\/v2\/comments?post=47715"}],"version-history":[{"count":0,"href":"http:\/\/argentinamunicipal.com.ar\/argentina\/wp-json\/wp\/v2\/posts\/47715\/revisions"}],"wp:featuredmedia":[{"embeddable":true,"href":"http:\/\/argentinamunicipal.com.ar\/argentina\/wp-json\/wp\/v2\/media\/47716"}],"wp:attachment":[{"href":"http:\/\/argentinamunicipal.com.ar\/argentina\/wp-json\/wp\/v2\/media?parent=47715"}],"wp:term":[{"taxonomy":"category","embeddable":true,"href":"http:\/\/argentinamunicipal.com.ar\/argentina\/wp-json\/wp\/v2\/categories?post=47715"},{"taxonomy":"post_tag","embeddable":true,"href":"http:\/\/argentinamunicipal.com.ar\/argentina\/wp-json\/wp\/v2\/tags?post=47715"}],"curies":[{"name":"wp","href":"https:\/\/api.w.org\/{rel}","templated":true}]}}