{"id":47782,"date":"2016-05-06T06:57:18","date_gmt":"2016-05-06T09:57:18","guid":{"rendered":"http:\/\/argentinamunicipal.com.ar\/argentina\/?p=47782"},"modified":"2016-05-06T06:57:18","modified_gmt":"2016-05-06T09:57:18","slug":"la-fam-bonaerense-reflejo-diaspora-los-intendentes-del-peronismo","status":"publish","type":"post","link":"http:\/\/argentinamunicipal.com.ar\/argentina\/la-fam-bonaerense-reflejo-diaspora-los-intendentes-del-peronismo\/","title":{"rendered":"La FAM bonaerense, un reflejo de di\u00e1spora de los intendentes del peronismo"},"content":{"rendered":"<p>La puja por la FAM Bonaerense, proleg\u00f3meno de la renovaci\u00f3n de autoridades de la FAM nacional, no parece entusiasmar a los intendentes del peronismo, que suman un tercio del padr\u00f3n a la convocatoria y ponen al frente a Eduardo Bali Bucca.<\/p>\n<p>La pelea por la FAM Bonaerense, hoy en manos del intendente de Ituzaing\u00f3, Alberto Descalzo, no parece entusiasmar los corazones de los alcaldes del Frente para la Victoria, que no concurren, al menos masivamente, al llamado para reunir un n\u00famero suficiente para retenerla.<\/p>\n<p>La \u00faltima convocatoria del espacio llev\u00f3 a 20 alcaldes sobre un total de 55, y consagr\u00f3 como candidato a suceder a Descalzo a Eduardo Bucca, intendente de Bol\u00edvar, de perfil joven y buen anclaje entre los dialoguistas y los moderados, y no tanto entre el camporismo.<\/p>\n<p>Quienes detentan hoy el poder en la FAM entienden que es ese el \u00faltimo reducto que, desde la neutralidad del \u00e1mbito institucional, puede convocar a todas las facciones del peronismo para hacer pol\u00edtica.<\/p>\n<p>M\u00e1s all\u00e1 del llamado al di\u00e1logo de CFK, esa estructura, de la mano de Julio Pereyra, es la \u00fanica que pudo reunir en el mismo sal\u00f3n a Mart\u00edn Insaurralde y los suyos y a Fernando Espinoza, por ejemplo. El \u00faltimo encuentro del bloque reuni\u00f3 a Julio Pereyra, Alberto Descalzo, Eduardo Bucca, Juan Zabaleta, Leonardo Nardini, Mariano Cascallares, Ver\u00f3nica Magario, Juan Pablo De Jes\u00fas, Francisco Echarren, Gustavo Cocconi, Hern\u00e1n Yzurieta y a varios exintendentes que hicieron n\u00famero en la foto, entre ellos el titular del PJ Bonaerense.<\/p>\n<p>El esquema planteado en el \u00faltimo encuentro incluye, adem\u00e1s de la conducci\u00f3n de Bucca, la creaci\u00f3n de seis secretar\u00edas, cuyos titulares no est\u00e1n definidos y se elegir\u00edan entre quienes no abrevaron en el armado. Es, en estos t\u00e9rminos, una suerte de \u201ccarnada\u201d para juntar n\u00famero.<\/p>\n<p>De surtir efecto la estrategia, el FpV puede reunir hasta 55 intendentes, contra los 64 de Cambiemos y los diez de Massa. En la otra vereda, a pesar del impulso inicial, parecen haber perdido inter\u00e9s en el bot\u00edn, con lo cual el peronismo se ilusiona con retenerla.<\/p>\n<h6>Fuente: InFoCielo<\/h6>\n","protected":false},"excerpt":{"rendered":"<p>La puja por la FAM Bonaerense, proleg\u00f3meno de la renovaci\u00f3n de autoridades de la FAM nacional, no parece entusiasmar a los intendentes del peronismo, que suman un tercio del padr\u00f3n a la convocatoria y ponen al frente a Eduardo Bali Bucca.<\/p>\n","protected":false},"author":2,"featured_media":47783,"comment_status":"closed","ping_status":"closed","sticky":false,"template":"","format":"standard","meta":{"footnotes":""},"categories":[4],"tags":[12],"class_list":["post-47782","post","type-post","status-publish","format-standard","has-post-thumbnail","hentry","category-informe-politico","tag-buenos-aires"],"_links":{"self":[{"href":"http:\/\/argentinamunicipal.com.ar\/argentina\/wp-json\/wp\/v2\/posts\/47782","targetHints":{"allow":["GET"]}}],"collection":[{"href":"http:\/\/argentinamunicipal.com.ar\/argentina\/wp-json\/wp\/v2\/posts"}],"about":[{"href":"http:\/\/argentinamunicipal.com.ar\/argentina\/wp-json\/wp\/v2\/types\/post"}],"author":[{"embeddable":true,"href":"http:\/\/argentinamunicipal.com.ar\/argentina\/wp-json\/wp\/v2\/users\/2"}],"replies":[{"embeddable":true,"href":"http:\/\/argentinamunicipal.com.ar\/argentina\/wp-json\/wp\/v2\/comments?post=47782"}],"version-history":[{"count":0,"href":"http:\/\/argentinamunicipal.com.ar\/argentina\/wp-json\/wp\/v2\/posts\/47782\/revisions"}],"wp:featuredmedia":[{"embeddable":true,"href":"http:\/\/argentinamunicipal.com.ar\/argentina\/wp-json\/wp\/v2\/media\/47783"}],"wp:attachment":[{"href":"http:\/\/argentinamunicipal.com.ar\/argentina\/wp-json\/wp\/v2\/media?parent=47782"}],"wp:term":[{"taxonomy":"category","embeddable":true,"href":"http:\/\/argentinamunicipal.com.ar\/argentina\/wp-json\/wp\/v2\/categories?post=47782"},{"taxonomy":"post_tag","embeddable":true,"href":"http:\/\/argentinamunicipal.com.ar\/argentina\/wp-json\/wp\/v2\/tags?post=47782"}],"curies":[{"name":"wp","href":"https:\/\/api.w.org\/{rel}","templated":true}]}}