{"id":47797,"date":"2016-05-06T07:16:29","date_gmt":"2016-05-06T10:16:29","guid":{"rendered":"http:\/\/argentinamunicipal.com.ar\/argentina\/?p=47797"},"modified":"2016-05-06T07:16:29","modified_gmt":"2016-05-06T10:16:29","slug":"proyectos-la-planificacion-estrategica-del-gran-rosario","status":"publish","type":"post","link":"http:\/\/argentinamunicipal.com.ar\/argentina\/proyectos-la-planificacion-estrategica-del-gran-rosario\/","title":{"rendered":"Proyectos para la planificaci\u00f3n estrat\u00e9gica del Gran Rosario"},"content":{"rendered":"<p>El intendente Leonardo Raimundo recibi\u00f3 ayer en su despacho al Equipo del Ente de Coordinaci\u00f3n Metropolitana. Abordaron diferentes tem\u00e1ticas de orden estrat\u00e9gico, como conectividad vial, recuperaci\u00f3n de espacios verdes y costaneros y la generaci\u00f3n de \u00e1reas de reserva para radicaciones no industriales.<\/p>\n<p>El mi\u00e9rcoles 4 de mayo el intendente Leonardo Raimundo recibi\u00f3 en su despacho al equipo del Ente Coordinador Metropolitano y encabez\u00f3 una reuni\u00f3n en la que se abordaron diversas tem\u00e1ticas tendientes a la elaboraci\u00f3n de un plan urbano estrat\u00e9gico para las localidades del Gran Rosario. Del encuentro participaron el secretario de Coordinaci\u00f3n General, Esteban Aric\u00f3; el secretario de Obras y Servicios P\u00fablicos, Leonardo Seoane; la directora de la Unidad de Planificaci\u00f3n del Ecom, Mirta Lev\u00edn, y el intendente de Capit\u00e1n Berm\u00fadez, Daniel Cinalli.<\/p>\n<p>Puntualmente, las autoridades desplegaron la conversaci\u00f3n en torno a diferentes ejes, como obras de conexi\u00f3n vial, recuperaci\u00f3n de espacios verdes y costaneros, articulaci\u00f3n p\u00fablico privada para la planificaci\u00f3n estrat\u00e9gica, expansi\u00f3n residencial del tejido urbano y generaci\u00f3n de \u00e1reas de reserva para radicaciones no industriales.<\/p>\n<p>\u201cFue una actividad muy provechosa junto a la gente del Ecom y los equipos t\u00e9cnicos de la Municipalidad que nos permiti\u00f3 avanzar en esta pol\u00edtica de abordar conjuntamente y en base a consensos las problem\u00e1ticas comunes a las localidades de la regi\u00f3n\u201d, manifest\u00f3 el primer mandatario local en di\u00e1logo con medios de prensa.<\/p>\n<p>El Ecom se constituy\u00f3 en agosto de 2010 por la voluntad expresa de 17 gobiernos locales. Actualmente re\u00fane a 19 intendentes y presidentes comunales con el objetivo de coordinar esfuerzos y trabajar de manera articulada en el dise\u00f1o y formulaci\u00f3n de pol\u00edticas que permitan hacer frente a las demandas y necesidades de escala regional.<\/p>\n<p>Las bases para el desarrollo de un acuerdo metropolitano para el ordenamiento del territorio tiene en cuenta siete directrices: la definici\u00f3n de patrones de urbanizaci\u00f3n y uso del suelo sostenible; la protecci\u00f3n y optimizaci\u00f3n de los recursos ambientales y patrimoniales; la estructuraci\u00f3n de la accesibilidad y conectividad en forma eficiente; la promoci\u00f3n de un desarrollo integral productivo y de servicios; la mejora en las condiciones de saneamiento ambiental e infraestructura; la coordinaci\u00f3n estrat\u00e9gica y asociativa de actores; y la distribuci\u00f3n polic\u00e9ntrica y equilibrada de equipamientos y servicios.<\/p>\n<h6>Fuente: Sin Mordaza<\/h6>\n","protected":false},"excerpt":{"rendered":"<p>El intendente Leonardo Raimundo recibi\u00f3 ayer en su despacho al Equipo del Ente de Coordinaci\u00f3n Metropolitana. <\/p>\n","protected":false},"author":2,"featured_media":47798,"comment_status":"closed","ping_status":"closed","sticky":false,"template":"","format":"standard","meta":{"footnotes":""},"categories":[2],"tags":[10],"class_list":["post-47797","post","type-post","status-publish","format-standard","has-post-thumbnail","hentry","category-informe-municipal","tag-santa-fe"],"_links":{"self":[{"href":"http:\/\/argentinamunicipal.com.ar\/argentina\/wp-json\/wp\/v2\/posts\/47797","targetHints":{"allow":["GET"]}}],"collection":[{"href":"http:\/\/argentinamunicipal.com.ar\/argentina\/wp-json\/wp\/v2\/posts"}],"about":[{"href":"http:\/\/argentinamunicipal.com.ar\/argentina\/wp-json\/wp\/v2\/types\/post"}],"author":[{"embeddable":true,"href":"http:\/\/argentinamunicipal.com.ar\/argentina\/wp-json\/wp\/v2\/users\/2"}],"replies":[{"embeddable":true,"href":"http:\/\/argentinamunicipal.com.ar\/argentina\/wp-json\/wp\/v2\/comments?post=47797"}],"version-history":[{"count":0,"href":"http:\/\/argentinamunicipal.com.ar\/argentina\/wp-json\/wp\/v2\/posts\/47797\/revisions"}],"wp:featuredmedia":[{"embeddable":true,"href":"http:\/\/argentinamunicipal.com.ar\/argentina\/wp-json\/wp\/v2\/media\/47798"}],"wp:attachment":[{"href":"http:\/\/argentinamunicipal.com.ar\/argentina\/wp-json\/wp\/v2\/media?parent=47797"}],"wp:term":[{"taxonomy":"category","embeddable":true,"href":"http:\/\/argentinamunicipal.com.ar\/argentina\/wp-json\/wp\/v2\/categories?post=47797"},{"taxonomy":"post_tag","embeddable":true,"href":"http:\/\/argentinamunicipal.com.ar\/argentina\/wp-json\/wp\/v2\/tags?post=47797"}],"curies":[{"name":"wp","href":"https:\/\/api.w.org\/{rel}","templated":true}]}}