{"id":4786,"date":"2014-03-24T14:54:58","date_gmt":"2014-03-24T17:54:58","guid":{"rendered":"http:\/\/argentinamunicipal.com.ar\/argentina\/?p=4786"},"modified":"2014-03-24T14:54:58","modified_gmt":"2014-03-24T17:54:58","slug":"cuando-todo-fue-noche-y-niebla","status":"publish","type":"post","link":"http:\/\/argentinamunicipal.com.ar\/argentina\/cuando-todo-fue-noche-y-niebla\/","title":{"rendered":"Cuando todo fue noche y niebla"},"content":{"rendered":"<p>El 7 de diciembre de 1941 el mariscal Wilhelm Keitel firm\u00f3 el documento \u00abDirectivas para la persecuci\u00f3n de las infracciones cometidas contra el Reich o las fuerzas de ocupaci\u00f3n en los territorios ocupados\u00bb.<\/p>\n<p>\u00abDentro de los territorios ocupados, elementos comunistas y otros c\u00edrculos hostiles a Alemania han aumentado sus esfuerzos contra el Estado Alem\u00e1n y las fuerzas ocupantes desde que comenz\u00f3 la campa\u00f1a de Rusia. El n\u00famero y la peligrosidad de estas maquinaciones nos obligan a tomar severas medidas\u00bb, se\u00f1alaba el decreto conocido despu\u00e9s como \u00abNoche y Niebla\u00bb.<\/p>\n<p>Adolf Hitler hab\u00eda definido la metodolog\u00eda del decreto de la siguiente manera: \u00abpermite la desaparici\u00f3n de los acusados sin dejar rastro. Ninguna informaci\u00f3n puede ser difundida acerca de su paradero o destino. Una intimidaci\u00f3n efectiva y duradera s\u00f3lo se logra por penas de muerte o por medidas que mantengan a los familiares y a la poblaci\u00f3n en la incertidumbre sobre la suerte del reo. Por la misma raz\u00f3n, la entrega del cuerpo para su entierro en su lugar de origen no es aconsejable\u00bb.<\/p>\n<p>Y agregaba: \u00abA trav\u00e9s de la diseminaci\u00f3n de tal terror toda disposici\u00f3n de resistencia entre el pueblo ser\u00e1 eliminada\u00bb.<\/p>\n<p>El 24 de marzo de 1976 la metodolog\u00eda del Reich se puso en marcha en la Argentina con el derrocamiento del gobierno de Isabel Per\u00f3n: la desaparici\u00f3n sistem\u00e1tica de militantes y opositores como forma de par\u00e1lisis de cualquier intento de resistencia. \u00abVan a la niebla, a la nada\u00bb, hab\u00eda dicho un represor refiri\u00e9ndose a los desaparecidos.<\/p>\n<blockquote><p>El golpe del 24 de marzo transform\u00f3 la estructura econ\u00f3mica del pa\u00eds abriendo un proceso neoliberal que se reforz\u00f3 en la d\u00e9cada del `90 con el \u00abperfeccionamiento\u00bb de las medidas implementadas por la dictadura en ese terreno.<\/p><\/blockquote>\n<p>Los golpes militares que se sucedieron en el pa\u00eds tuvieron objetivos concretos: en 1930 se derroc\u00f3 a Hip\u00f3lito Yrigoyen para restaurar el r\u00e9gimen olig\u00e1rquico y consolidar el alineamiento de Argentina con Inglaterra. Con la ca\u00edda de Juan Domingo Per\u00f3n en 1955 se busc\u00f3 eliminar el poder obrero y encauzar al pa\u00eds en la senda de Estados Unidos.<\/p>\n<p>Luego siguieron los golpes contra Arturo Frondizi y Arturo Illia, siempre intentado aplastar la resistencia de los trabajadores y el peronismo, que era su conducci\u00f3n.<\/p>\n<p>Todos estos golpes fueron acompa\u00f1ados de represi\u00f3n, c\u00e1rcel y asesinatos, pero ninguno alcanz\u00f3 la dimensi\u00f3n sistem\u00e1tica que tuvo el de marzo de 1976 en cuanto a la eliminaci\u00f3n de la resistencia apelando a la desaparici\u00f3n masiva de los militantes, el secuestro de sus hijos, la apropiaci\u00f3n de sus bienes y la desinformaci\u00f3n sobre su destino.<\/p>\n<p>A tal punto era desconocida esta metodolog\u00eda que algunos analistas y dirigentes pol\u00edticos llegaron a caracterizar el golpe como \u00abdicta blanda\u00bb.<\/p>\n<p>Se supon\u00eda que la dictadura iba a retomar el rol represivo que se hab\u00eda desbandado durante el gobierno de Isabel con la aparici\u00f3n de bandas como la Triple A que asesinaba militantes.<\/p>\n<p>Represi\u00f3n con \u00aborden\u00bb y sin cad\u00e1veres en las calles parec\u00eda ser la nueva etapa que se abr\u00eda.<\/p>\n<p>En realidad, era la superaci\u00f3n a una escala mayor de la Triple A, cuyos miembros pasaron a integrar los grupos de tareas de la dictadura.<\/p>\n<p>La Junta de Comandantes integrada por Jorge Rafael Videla, Emilio Eduardo Massera y Orlando Agosti, implant\u00f3 el terrorismo de Estado como estrategia para aplicar un plan econ\u00f3mico que no encontrara resistencia, en sinton\u00eda con las dictaduras que se extend\u00edan por Am\u00e9rica latina y los paradigmas monetaristas de los \u00abChicago Boys\u00bb de Milton Friedman que ya hab\u00edan hecho su desembarco en Chile, gobernado por el dictador Augusto Pinochet.<\/p>\n<p>Se inici\u00f3 as\u00ed un proceso de transferencia de recursos de los sectores populares a los grupos econ\u00f3micos concentrados que se transformaron en el brazo civil de la dictadura; se abrieron las importaciones liquidando gran parte de la industria nacional (ahora llegaron los productos importados, arengaba una publicidad del Ministerio de Econom\u00eda liderado por Jos\u00e9 Alfredo Mart\u00ednez de Hoz) y se inici\u00f3 el proceso de endeudamiento externo que luego los grandes grupos (beneficiarios de esos pr\u00e9stamos) transfirieron al Estado.<\/p>\n<p>La econom\u00eda gir\u00f3 hacia un modelo crudo de neoliberalismo que se amparaba en la llamada \u00abDoctrina de Seguridad Nacional\u00bb.<\/p>\n<p>El golpe del 24 de marzo transform\u00f3 la estructura econ\u00f3mica del pa\u00eds abriendo un proceso neoliberal que se reforz\u00f3 en la d\u00e9cada del `90 con el \u00abperfeccionamiento\u00bb de las medidas implementadas por la dictadura en ese terreno.<\/p>\n<p>Esos cambios profundos no hubieran sido posibles sin el m\u00e9todo de la \u00abNoche y Niebla\u00bb.<\/p>\n<h6>Fuente: T\u00e9lam<\/h6>\n","protected":false},"excerpt":{"rendered":"<p>El 7 de diciembre de 1941 el mariscal Wilhelm Keitel firm\u00f3 el documento \u00abDirectivas para la persecuci\u00f3n de las infracciones cometidas contra el Reich o las fuerzas de ocupaci\u00f3n en los territorios ocupados\u00bb. \u00abDentro de los territorios ocupados, elementos comunistas y otros c\u00edrculos hostiles a Alemania han aumentado sus esfuerzos contra el Estado Alem\u00e1n y<\/p>\n","protected":false},"author":1,"featured_media":0,"comment_status":"closed","ping_status":"closed","sticky":false,"template":"","format":"standard","meta":{"footnotes":""},"categories":[6],"tags":[],"class_list":["post-4786","post","type-post","status-publish","format-standard","hentry","category-opiniones"],"_links":{"self":[{"href":"http:\/\/argentinamunicipal.com.ar\/argentina\/wp-json\/wp\/v2\/posts\/4786","targetHints":{"allow":["GET"]}}],"collection":[{"href":"http:\/\/argentinamunicipal.com.ar\/argentina\/wp-json\/wp\/v2\/posts"}],"about":[{"href":"http:\/\/argentinamunicipal.com.ar\/argentina\/wp-json\/wp\/v2\/types\/post"}],"author":[{"embeddable":true,"href":"http:\/\/argentinamunicipal.com.ar\/argentina\/wp-json\/wp\/v2\/users\/1"}],"replies":[{"embeddable":true,"href":"http:\/\/argentinamunicipal.com.ar\/argentina\/wp-json\/wp\/v2\/comments?post=4786"}],"version-history":[{"count":0,"href":"http:\/\/argentinamunicipal.com.ar\/argentina\/wp-json\/wp\/v2\/posts\/4786\/revisions"}],"wp:attachment":[{"href":"http:\/\/argentinamunicipal.com.ar\/argentina\/wp-json\/wp\/v2\/media?parent=4786"}],"wp:term":[{"taxonomy":"category","embeddable":true,"href":"http:\/\/argentinamunicipal.com.ar\/argentina\/wp-json\/wp\/v2\/categories?post=4786"},{"taxonomy":"post_tag","embeddable":true,"href":"http:\/\/argentinamunicipal.com.ar\/argentina\/wp-json\/wp\/v2\/tags?post=4786"}],"curies":[{"name":"wp","href":"https:\/\/api.w.org\/{rel}","templated":true}]}}