{"id":47909,"date":"2016-05-09T06:42:26","date_gmt":"2016-05-09T09:42:26","guid":{"rendered":"http:\/\/argentinamunicipal.com.ar\/argentina\/?p=47909"},"modified":"2016-05-09T06:42:26","modified_gmt":"2016-05-09T09:42:26","slug":"47909-2","status":"publish","type":"post","link":"http:\/\/argentinamunicipal.com.ar\/argentina\/47909-2\/","title":{"rendered":"La Suprema Corte suspendi\u00f3 el cobro de la cuestionada tasa de seguridad de Tandil"},"content":{"rendered":"<p>Un fallo de la Suprema Corte bonaerense suspendi\u00f3 su cobro hasta tanto se pronuncie respecto de la supuesta inconstitucionalidad de la cuestionada ordenanza que establece una contribuci\u00f3n especial para Seguridad.<\/p>\n<p>La Suprema Corte de Justicia de la Provincia de Buenos Aires suspendi\u00f3 el cobro de la tasa de seguridad que el municipio de Tandil ven\u00eda cobrando a sus vecinos para financiar inversiones en esa \u00e1rea espec\u00edfica y a pesar del derrame de Provincia, que para el municipio implicar\u00eda m\u00e1s de 30 millones de pesos en este a\u00f1o.<\/p>\n<p>En rigor, la Corte hizo lugar a una medida cautelar presentada por el massismo, contra la \u201cTasa Complementaria de Protecci\u00f3n Ciudadana\u201d. En su planteo, el abogado afirm\u00f3 que infringe los art\u00edculos 11, 25, 31, 190, 191, 192 inciso 7 y 193 de la constituci\u00f3n bonaerense, lo cual fue ratificado por el m\u00e1ximo tribunal.<\/p>\n<p>Con el fallo, quedan suspendidos los efectos de la ordenanza hasta que haya un pronunciamiento definitivo sobre el tema. Vale aclarar que Tandil no es el \u00fanico distrito que implement\u00f3 tasas de seguridad, con lo cual la decisi\u00f3n final tiene en vilo a m\u00e1s de un intendente.<\/p>\n<h6>Fuente: Infocielo<\/h6>\n","protected":false},"excerpt":{"rendered":"<p>Un fallo de la Suprema Corte bonaerense suspendi\u00f3 su cobro hasta tanto se pronuncie respecto de la supuesta inconstitucionalidad de la cuestionada ordenanza que establece una contribuci\u00f3n especial para Seguridad.<\/p>\n","protected":false},"author":2,"featured_media":47910,"comment_status":"closed","ping_status":"closed","sticky":false,"template":"","format":"standard","meta":{"footnotes":""},"categories":[4],"tags":[12],"class_list":["post-47909","post","type-post","status-publish","format-standard","has-post-thumbnail","hentry","category-informe-politico","tag-buenos-aires"],"_links":{"self":[{"href":"http:\/\/argentinamunicipal.com.ar\/argentina\/wp-json\/wp\/v2\/posts\/47909","targetHints":{"allow":["GET"]}}],"collection":[{"href":"http:\/\/argentinamunicipal.com.ar\/argentina\/wp-json\/wp\/v2\/posts"}],"about":[{"href":"http:\/\/argentinamunicipal.com.ar\/argentina\/wp-json\/wp\/v2\/types\/post"}],"author":[{"embeddable":true,"href":"http:\/\/argentinamunicipal.com.ar\/argentina\/wp-json\/wp\/v2\/users\/2"}],"replies":[{"embeddable":true,"href":"http:\/\/argentinamunicipal.com.ar\/argentina\/wp-json\/wp\/v2\/comments?post=47909"}],"version-history":[{"count":0,"href":"http:\/\/argentinamunicipal.com.ar\/argentina\/wp-json\/wp\/v2\/posts\/47909\/revisions"}],"wp:featuredmedia":[{"embeddable":true,"href":"http:\/\/argentinamunicipal.com.ar\/argentina\/wp-json\/wp\/v2\/media\/47910"}],"wp:attachment":[{"href":"http:\/\/argentinamunicipal.com.ar\/argentina\/wp-json\/wp\/v2\/media?parent=47909"}],"wp:term":[{"taxonomy":"category","embeddable":true,"href":"http:\/\/argentinamunicipal.com.ar\/argentina\/wp-json\/wp\/v2\/categories?post=47909"},{"taxonomy":"post_tag","embeddable":true,"href":"http:\/\/argentinamunicipal.com.ar\/argentina\/wp-json\/wp\/v2\/tags?post=47909"}],"curies":[{"name":"wp","href":"https:\/\/api.w.org\/{rel}","templated":true}]}}