{"id":47924,"date":"2016-05-09T07:21:03","date_gmt":"2016-05-09T10:21:03","guid":{"rendered":"http:\/\/argentinamunicipal.com.ar\/argentina\/?p=47924"},"modified":"2016-05-09T07:21:03","modified_gmt":"2016-05-09T10:21:03","slug":"entregaron-5-500-000-gobiernos-locales-santafesinos","status":"publish","type":"post","link":"http:\/\/argentinamunicipal.com.ar\/argentina\/entregaron-5-500-000-gobiernos-locales-santafesinos\/","title":{"rendered":"Entregaron $ 5.500.000 a gobiernos locales santafesinos"},"content":{"rendered":"<p>Los aportes corresponden al fondo espec\u00edfico para emergencias establecido por la Ley de Obras Menores.<\/p>\n<p>En el transcurso de la semana pasada, autoridades del gobierno provincial en conjunto con el equipo de Protecci\u00f3n Civil recorrieron zonas afectadas por la emergencia h\u00eddrica y, en diversos actos, hicieron entrega de $ 5.515.000 a 91 localidades que padecen los efectos del fen\u00f3meno clim\u00e1tico.<\/p>\n<p>Los aportes refuerzan la transferencia de m\u00e1s de 6 millones realizada a comienzos del mes de abril, en una recorrida encabezada por el gobernador, Miguel Lifschitz, en compa\u00f1\u00eda del ministro de Gobierno y Reforma del Estado, Pablo Far\u00edas, y dem\u00e1s funcionarios provinciales, as\u00ed como tambi\u00e9n intendentes y presidentes comunales cuyas localidades se encuentran en emergencia.<\/p>\n<p><strong>LA ENTREGA<\/strong><br \/>\nLos aportes fueron otorgados por el secretario y el subsecretario de Gobierno, Mariano Cuvertino y Ezequiel Costamagna respectivamente; el secretario y subsecretario de Coordinaci\u00f3n, Sergio Rojas y Luciano Caturelli respectivamente; el secretario y subsecretario de Regiones, Municipios y Comunas, Carlos Torres y Lisandro D&#8217;Anna respectivamente; y la subsecrataria de Coordinaci\u00f3n y Gesti\u00f3n Territorial, Mar\u00eda Paula Salari.<\/p>\n<p>En esta ocasi\u00f3n, fueron beneficiadas las localidades de los distintos Departamentos, siendo los de nuestra regi\u00f3n los que detallamos a continuaci\u00f3n:<\/p>\n<p>* Departamento Las Colonias: Colonia Cavour, Rivadavia, Culul\u00fa, Elisa, Esperanza, Felicia, Franck, Grutly, Humboldt, Ituzaing\u00f3, Jacinto L. Arauz, La Pelada, Las Tunas, Mar\u00eda Luisa, Nuevo Torino, Pilar, Progreso, Pujato Norte, Sa Pereira, San Agustin, San Carlos Norte, San Carlos Sud, San Jer\u00f3nimo del Sauce Viejo, San Jer\u00f3nimo Norte, San Mariano, Santa Clara De Buena Vista, Santo Domingo y Sarmiento.<\/p>\n<p>* Departamento San Crist\u00f3bal: Arruf\u00f3, Capivara, Colonia Ana, Colonia Bossi, Constanza, Dos Rosas y La Legua, Hersilia, Huanqueros, La Cabral, La Rubia, Las Avispas, Palacios, Suardi y Villa Saralegui<\/p>\n<p><strong>LEY DE OBRAS MENORES<\/strong><br \/>\nLos fondos entregados pertenecen al cinco por ciento (5 %) previsto en la ley de aportes de obras menores, que se afecta a proyectos en los que se acredite urgencia y\/o emergencia. En la provincia, desde el comienzo de la gesti\u00f3n, ya se han entregado a causa de la emergencia h\u00eddrica, $ 21.000.000.<\/p>\n<p>En el marco de la mencionada norma, y apuntando a constituir un Estado presente, por disposici\u00f3n del gobernador de la provincia de Santa Fe se han realizado, en conjunto a la secretar\u00eda de Protecci\u00f3n Civil, los esfuerzos necesarios para estar presentes en cada lugar afectado por la emergencia h\u00eddrica.<\/p>\n<p>En pos de brindar una respuesta integral a la zonas afectadas, adem\u00e1s de los aportes realizados, se las ha abastecido de provisiones urgentes de diversa \u00edndole, tal es el caso de combustible, alquiler de maquinaria vial, reparaci\u00f3n de caminos y materiales para la construcci\u00f3n, entre otros.<\/p>\n<p><strong>DEPARTAMENTO CASTELLANOS<\/strong><br \/>\nDesde la oficina del Senador Provincial Alcides Calvo, se informa que en el marco de la emergencia h\u00eddrica, fueron aprobados nuevos aportes econ\u00f3micos para Administraciones Comunales\u00a0correspondientes al Programa de Obras Menores\u00a0a trav\u00e9s de la Ley Provincial N\u00ba 12.385,\u00a0que contempla una reserva para situaciones de emergencia en la Provincia de Santa Fe, en este caso a fin de afrontar algunas de las erogaciones producto de los da\u00f1os causados por el fen\u00f3meno clim\u00e1tico de \u201cEl Ni\u00f1o\u201d. El monto total aprobado es de $ 410.000 y ser\u00e1 distribuidos entre 11 localidades; Ang\u00e9lica ($ 20.000), Bauer y Sigel ($ 30.000), Castellanos ($ 40.000), Colonia Bigand ($ 20.000), Colonia Mau\u00e1 ($ 20.000), Lehmann ($ 40.000), Mar\u00eda Juana ($ 60.000), Ramona ($ 20.000), Saguier ($ 60.000), Tacurales ($ 40.000), Zen\u00f3n Pereyra ($ 60.000).<\/p>\n<p>En esta nueva reuni\u00f3n de la Comisi\u00f3n Provincial de Obras Menores realizada este jueves fueron aprobados adem\u00e1s recursos para la comuna de Humberto Primo para la adquisici\u00f3n de equipamiento.<\/p>\n<h6>Fuente: La Opini\u00f3n<\/h6>\n","protected":false},"excerpt":{"rendered":"<p>Los aportes corresponden al fondo espec\u00edfico para emergencias establecido por la Ley de Obras Menores.<\/p>\n","protected":false},"author":2,"featured_media":47925,"comment_status":"closed","ping_status":"closed","sticky":false,"template":"","format":"standard","meta":{"footnotes":""},"categories":[5],"tags":[10],"class_list":["post-47924","post","type-post","status-publish","format-standard","has-post-thumbnail","hentry","category-informe-economico","tag-santa-fe"],"_links":{"self":[{"href":"http:\/\/argentinamunicipal.com.ar\/argentina\/wp-json\/wp\/v2\/posts\/47924","targetHints":{"allow":["GET"]}}],"collection":[{"href":"http:\/\/argentinamunicipal.com.ar\/argentina\/wp-json\/wp\/v2\/posts"}],"about":[{"href":"http:\/\/argentinamunicipal.com.ar\/argentina\/wp-json\/wp\/v2\/types\/post"}],"author":[{"embeddable":true,"href":"http:\/\/argentinamunicipal.com.ar\/argentina\/wp-json\/wp\/v2\/users\/2"}],"replies":[{"embeddable":true,"href":"http:\/\/argentinamunicipal.com.ar\/argentina\/wp-json\/wp\/v2\/comments?post=47924"}],"version-history":[{"count":0,"href":"http:\/\/argentinamunicipal.com.ar\/argentina\/wp-json\/wp\/v2\/posts\/47924\/revisions"}],"wp:featuredmedia":[{"embeddable":true,"href":"http:\/\/argentinamunicipal.com.ar\/argentina\/wp-json\/wp\/v2\/media\/47925"}],"wp:attachment":[{"href":"http:\/\/argentinamunicipal.com.ar\/argentina\/wp-json\/wp\/v2\/media?parent=47924"}],"wp:term":[{"taxonomy":"category","embeddable":true,"href":"http:\/\/argentinamunicipal.com.ar\/argentina\/wp-json\/wp\/v2\/categories?post=47924"},{"taxonomy":"post_tag","embeddable":true,"href":"http:\/\/argentinamunicipal.com.ar\/argentina\/wp-json\/wp\/v2\/tags?post=47924"}],"curies":[{"name":"wp","href":"https:\/\/api.w.org\/{rel}","templated":true}]}}