{"id":47977,"date":"2016-05-10T06:44:57","date_gmt":"2016-05-10T09:44:57","guid":{"rendered":"http:\/\/argentinamunicipal.com.ar\/argentina\/?p=47977"},"modified":"2016-05-10T06:44:57","modified_gmt":"2016-05-10T09:44:57","slug":"concejales-varela-alerta-la-crisis-universitaria-presionan-cambiemos","status":"publish","type":"post","link":"http:\/\/argentinamunicipal.com.ar\/argentina\/concejales-varela-alerta-la-crisis-universitaria-presionan-cambiemos\/","title":{"rendered":"Concejales de Varela en alerta por la crisis universitaria presionan a Cambiemos"},"content":{"rendered":"<p>Concejales del FpV-PJ pidieron hoy una sesi\u00f3n especial para tratar proyectos relacionados con la crisis que atraviesa la Universidad Arturo Jauretche y la problem\u00e1tica del empleo en el distrito, luego de que, denunciaran, que el bloque Cambiemos posterg\u00f3 sus tratamientos.<\/p>\n<p>Los ediles de los bloques del Frente para la Victoria &#8211; Partido Justicialista y de Nuevo Encuentro de Florencio Varela pidieron hoy a la Presidencia del Concejo Deliberante, en manos de la alianza Cambiemos, que se lleve a cabo una sesi\u00f3n especial para tratar \u00abtemas de suma importancia para la comunidad\u00bb, como la educaci\u00f3n y el empleo.<\/p>\n<p>Es que, seg\u00fan denunciaron desde el oficialismo varelense, el bloque de Cambiemos, que detenta la Presidencia del cuerpo, posterg\u00f3 el tratamiento de estas iniciativas e impuls\u00f3 el inicio de un cuerto intermedio hasta el 19 de mayo.<\/p>\n<p>Ahora, y por considerarlos \u00abasuntos centrales para Florencio Varela\u00bb es que los concejales de ambos espacios pidieron que \u00abno se dilaten los tiempos\u00bb para tratar los proyectos para adherir a la Ley Antidespidos, la recomposicion del presupuesto de la Universidad Arturo Jauretche (UNAJ) y el pedido de gestiones para que la f\u00e1brica Honda no abandone el distrito. El plazo que proponen es que se convoque a una sesi\u00f3n en 48 horas, ya que entienden, \u00abno se puede dejar pasar el tiempo\u00bb en estos asuntos.<\/p>\n<p>En cuanto a los despidos, vale recordar que hace tres semanas, la empresa Honda decidi\u00f3 cerrar su planta en Varela, con lo cual quedaron en jaque 250 puestos de trabajo. Tambi\u00e9n, en el \u00e1mbito educativo, el rector de la UNAJ alert\u00f3 hace unos d\u00edas los efectos del tarifazo en esta casa de estudios al indicar que \u00ababsorbe la casi totalidad del presupuesto para gastos corrientes, ($220.000) de los $300.00 que se destinan para el pago de la factura de luz\u201d<\/p>\n<h6>Fuente: InfoCielo<\/h6>\n","protected":false},"excerpt":{"rendered":"<p>Concejales del FpV-PJ pidieron hoy una sesi\u00f3n especial para tratar proyectos relacionados con la crisis que atraviesa la Universidad Arturo Jauretche y la problem\u00e1tica del empleo en el distrito<\/p>\n","protected":false},"author":2,"featured_media":47978,"comment_status":"closed","ping_status":"closed","sticky":false,"template":"","format":"standard","meta":{"footnotes":""},"categories":[4],"tags":[12],"class_list":["post-47977","post","type-post","status-publish","format-standard","has-post-thumbnail","hentry","category-informe-politico","tag-buenos-aires"],"_links":{"self":[{"href":"http:\/\/argentinamunicipal.com.ar\/argentina\/wp-json\/wp\/v2\/posts\/47977","targetHints":{"allow":["GET"]}}],"collection":[{"href":"http:\/\/argentinamunicipal.com.ar\/argentina\/wp-json\/wp\/v2\/posts"}],"about":[{"href":"http:\/\/argentinamunicipal.com.ar\/argentina\/wp-json\/wp\/v2\/types\/post"}],"author":[{"embeddable":true,"href":"http:\/\/argentinamunicipal.com.ar\/argentina\/wp-json\/wp\/v2\/users\/2"}],"replies":[{"embeddable":true,"href":"http:\/\/argentinamunicipal.com.ar\/argentina\/wp-json\/wp\/v2\/comments?post=47977"}],"version-history":[{"count":0,"href":"http:\/\/argentinamunicipal.com.ar\/argentina\/wp-json\/wp\/v2\/posts\/47977\/revisions"}],"wp:featuredmedia":[{"embeddable":true,"href":"http:\/\/argentinamunicipal.com.ar\/argentina\/wp-json\/wp\/v2\/media\/47978"}],"wp:attachment":[{"href":"http:\/\/argentinamunicipal.com.ar\/argentina\/wp-json\/wp\/v2\/media?parent=47977"}],"wp:term":[{"taxonomy":"category","embeddable":true,"href":"http:\/\/argentinamunicipal.com.ar\/argentina\/wp-json\/wp\/v2\/categories?post=47977"},{"taxonomy":"post_tag","embeddable":true,"href":"http:\/\/argentinamunicipal.com.ar\/argentina\/wp-json\/wp\/v2\/tags?post=47977"}],"curies":[{"name":"wp","href":"https:\/\/api.w.org\/{rel}","templated":true}]}}