{"id":48040,"date":"2016-05-10T08:28:08","date_gmt":"2016-05-10T11:28:08","guid":{"rendered":"http:\/\/argentinamunicipal.com.ar\/argentina\/?p=48040"},"modified":"2016-05-10T08:28:08","modified_gmt":"2016-05-10T11:28:08","slug":"rafaela-sera-sede-del-congreso-reciclar-2016","status":"publish","type":"post","link":"http:\/\/argentinamunicipal.com.ar\/argentina\/rafaela-sera-sede-del-congreso-reciclar-2016\/","title":{"rendered":"Rafaela ser\u00e1 sede del Congreso Reciclar 2016, 11 y 12 de mayo"},"content":{"rendered":"<p>La Municipalidad de Rafaela, a trav\u00e9s del Instituto Municipal de Desarrollo Sustentable, invita al Congreso Reciclar 2016, \u00abLos residuos urbanos y la sustentabilidad de las ciudades\u00bb, que se lleva a cabo en nuestra ciudad los pr\u00f3ximos 11 y 12 de mayo. Este es un evento a nivel nacional que \u00abpone en valor las pol\u00edticas ambientales que viene llevando adelante el municipio desde hace m\u00e1s de 10 a\u00f1os\u00bb, manifest\u00f3 Mar\u00eda Paz Carusso, directora del mencionado organismo.<\/p>\n<p>El evento se realizar\u00e1 en la Sociedad Rural de Rafaela y cuenta con el auspicio de empresas locales como DEISA, Saputo, Williner, AgroAr, adem\u00e1s el Gobierno de la provincia de Santa Fe y la Secretar\u00eda de Desarrollo Sustentable de la Naci\u00f3n.<\/p>\n<p>\u00abVa a desarrollar distintas tem\u00e1ticas en diversos talleres para que, tanto recicladores urbanos como profesionales, conozcan cu\u00e1les son las claves para la correcta gesti\u00f3n de los residuos en nuestro pa\u00eds. Algunos de los temas de las capacitaciones ser\u00e1n comunicaci\u00f3n, ingenier\u00eda ambiental y t\u00e9cnicas de disposici\u00f3n final\u00bb, detall\u00f3 Carusso.<\/p>\n<p>\u00abPensemos que los sistemas m\u00e1s seguros para la disposici\u00f3n final de residuos son los rellenos sanitarios. Nuestra provincia est\u00e1 apostando mucho a los rellenos comunitarios, por eso incluimos talleres sobre esta tem\u00e1tica. Para conocer c\u00f3mo se trabaja por ejemplo en la provincia de Chubut. La idea es que desde all\u00ed vengan a contarnos su experiencia. Creemos que siempre las experiencias vividas, el modo y las t\u00e9cnicas con las que fueron llevadas adelante son \u00fatiles para aprender a abordarlas\u00bb, agreg\u00f3 la funcionaria.<\/p>\n<p>Adem\u00e1s explic\u00f3 que, como el lugar lo permite, va a haber exposici\u00f3n de maquinarias: \u00abEmpresas como DEISA van a mostrar las nuevas tecnolog\u00edas para el tratamiento de residuos, como las prensas o las cintas horizontales de compactaci\u00f3n\u00bb.<\/p>\n<p>Durante la segunda jornada del Congreso se visitar\u00e1 el Complejo Ambiental de Rafaela y el Parque Tecnol\u00f3gico del Reciclado, \u00abejemplos concretos de c\u00f3mo los residuos pueden ser transformados en recursos\u00bb.<\/p>\n<p>Se trata de una pol\u00edtica que pone en valor a nuestra ciudad, desde un punto de vista pol\u00edtico -para que las distintas localidades conozcan c\u00f3mo se trabaja en residuos-, as\u00ed como tur\u00edstico, pues ya son m\u00e1s de 500 las personas de todo el pa\u00eds que se han inscripto para participar del congreso.<\/p>\n<p>Quienes deseen inscribirse, pueden hacerlo a trav\u00e9s de la p\u00e1gina web: congresogirsu.com<\/p>\n<h6>Fuente: LA Opini\u00f3n<\/h6>\n","protected":false},"excerpt":{"rendered":"<p>La Municipalidad de Rafaela, a trav\u00e9s del Instituto Municipal de Desarrollo Sustentable, invita al Congreso Reciclar 2016, \u00abLos residuos urbanos y la sustentabilidad de las ciudades\u00bb, que se lleva a cabo en nuestra ciudad los pr\u00f3ximos 11 y 12 de mayo. <\/p>\n","protected":false},"author":2,"featured_media":48041,"comment_status":"closed","ping_status":"closed","sticky":false,"template":"","format":"standard","meta":{"footnotes":""},"categories":[47],"tags":[10],"class_list":["post-48040","post","type-post","status-publish","format-standard","has-post-thumbnail","hentry","category-fiestas","tag-santa-fe"],"_links":{"self":[{"href":"http:\/\/argentinamunicipal.com.ar\/argentina\/wp-json\/wp\/v2\/posts\/48040","targetHints":{"allow":["GET"]}}],"collection":[{"href":"http:\/\/argentinamunicipal.com.ar\/argentina\/wp-json\/wp\/v2\/posts"}],"about":[{"href":"http:\/\/argentinamunicipal.com.ar\/argentina\/wp-json\/wp\/v2\/types\/post"}],"author":[{"embeddable":true,"href":"http:\/\/argentinamunicipal.com.ar\/argentina\/wp-json\/wp\/v2\/users\/2"}],"replies":[{"embeddable":true,"href":"http:\/\/argentinamunicipal.com.ar\/argentina\/wp-json\/wp\/v2\/comments?post=48040"}],"version-history":[{"count":0,"href":"http:\/\/argentinamunicipal.com.ar\/argentina\/wp-json\/wp\/v2\/posts\/48040\/revisions"}],"wp:featuredmedia":[{"embeddable":true,"href":"http:\/\/argentinamunicipal.com.ar\/argentina\/wp-json\/wp\/v2\/media\/48041"}],"wp:attachment":[{"href":"http:\/\/argentinamunicipal.com.ar\/argentina\/wp-json\/wp\/v2\/media?parent=48040"}],"wp:term":[{"taxonomy":"category","embeddable":true,"href":"http:\/\/argentinamunicipal.com.ar\/argentina\/wp-json\/wp\/v2\/categories?post=48040"},{"taxonomy":"post_tag","embeddable":true,"href":"http:\/\/argentinamunicipal.com.ar\/argentina\/wp-json\/wp\/v2\/tags?post=48040"}],"curies":[{"name":"wp","href":"https:\/\/api.w.org\/{rel}","templated":true}]}}