{"id":48066,"date":"2016-05-11T07:23:25","date_gmt":"2016-05-11T10:23:25","guid":{"rendered":"http:\/\/argentinamunicipal.com.ar\/argentina\/?p=48066"},"modified":"2016-05-11T07:23:25","modified_gmt":"2016-05-11T10:23:25","slug":"las-universidades-reclaman-refuerzo-15-mil-millones","status":"publish","type":"post","link":"http:\/\/argentinamunicipal.com.ar\/argentina\/las-universidades-reclaman-refuerzo-15-mil-millones\/","title":{"rendered":"Las universidades reclaman un refuerzo de $ 15 mil millones"},"content":{"rendered":"<p>Es el c\u00e1lculo que hicieron los rectores sobre la necesidad de fondos para no perder poder adquisitivo en el presupuesto aprobado el a\u00f1o pasado. La Naci\u00f3n anunci\u00f3 que enviar\u00e1 $500 millones para pagar la luz<\/p>\n<p>La preocupaci\u00f3n por el d\u00e9ficit presupuestario que las autoridades universitarias ya anticipan para este a\u00f1o, y en particular para el segundo semestre, tuvo en las \u00faltimas horas una estimaci\u00f3n certera por parte de los rectores tras un estudio que realizaron en el conjunto de las casas de altos estudios.<\/p>\n<p>Seg\u00fan explic\u00f3 la m\u00e1xima autoridad de la UNRC, el refuerzo que el sistema universitario necesitar\u00e1 este a\u00f1o para poder afrontar la suba de costos que impacta con fuerza desde fines del 2015, es de unos 15 mil millones de pesos.<\/p>\n<p>\u201cPedimos un reajuste presupuestario para el segundo semestre sobre la base inflacionaria que estamos teniendo. Hoy la disponibilidad de fondos para hacer frente a los gastos de funcionamiento es s\u00f3lo una medida temporal. Pensamos que de los 50 mil millones de pesos del presupuesto de la universidades nacionales estar\u00edamos necesitando un refuerzo de al menos 15 mil millones para actualizar el presupuesto general; ac\u00e1 hablamos de montos que incluyen salarios, funcionamiento y para proyectos espec\u00edficos\u201d, explic\u00f3 Rovere.<\/p>\n<p>El rector destac\u00f3 que \u201ccon la disponibilidad de algunos fondos de funcionamiento\u00a0 que son los que ten\u00edamos desfasados, vamos a poder funcionar. Por supuesto que tenemos que hacer frente a la fuerte devaluaci\u00f3n\u00a0 que nos va a dificultar la disposici\u00f3n de fondos para la licitaci\u00f3n de insumos de laboratorios, la provisi\u00f3n de energ\u00eda, los combustibles y los peajes. Para nada vamos a dejar de tener disponibilidad para poder llevar adelante lo b\u00e1sico de las actividades acad\u00e9micas\u201d. Y destac\u00f3: \u201cNos parece un punto fundamental para no afectar las actividades acad\u00e9micas\u00a0 la resoluci\u00f3n de las negociaciones salariales que se llevan adelante en la paritaria docente\u201d. En este punto, se recordar\u00e1 que el gremio de los docentes est\u00e1 cumpliendo una nueva semana de paro hasta el pr\u00f3ximo s\u00e1bado.<\/p>\n<p>Rovere advirti\u00f3 que la \u201cfalta de disponibilidad de recursos extraordinarios va a afectar proyectos espec\u00edficos, como programas de mejoramiento de las distintas carreras. Los que se estaban llevando adelante siguen pero no inician nuevos. Lo mismo sucede con el tema obras p\u00fablicas, aquellas en ejecuci\u00f3n se ha garantizado que se van a financiar. El inicio de otras obras se deber\u00e1 tramitar\u00a0 ahora en otro ministerio, ya no el de Educaci\u00f3n o la Secretar\u00eda de Pol\u00edticas Universitarias, salvo que sean obras menores a 5 millones de pesos. Pero entendemos desde la conducci\u00f3n que podemos ir llevando adelante en este momento el funcionamiento de las actividades m\u00ednimas y necesarias, lo que no quita que tengamos que ir haciendo ajustes\u201d.<\/p>\n<p>La discusi\u00f3n salarial<\/p>\n<p>En di\u00e1logo con la prensa, el rector indic\u00f3 adem\u00e1s que \u201cuno de los problemas que todas las universidades planteamos, un\u00a0 com\u00fan denominador,\u00a0 es la necesidad de resolver la problem\u00e1tica de la negociaci\u00f3n salarial docente,\u00a0 que se pueda avanzar en la discusi\u00f3n de\u00a0 los porcentajes para tener posibilidad de lograr un acuerdo. Discutir tambi\u00e9n los tiempos de pago de los incrementos en pos de encontrar una soluci\u00f3n, porque este tema es la problem\u00e1tica m\u00e1s seria que estamos teniendo en las universidades hoy por hoy\u201d, enfatiz\u00f3 el rector.<\/p>\n<p>Y agreg\u00f3: \u201cLa otra problem\u00e1tica es sobre el funcionamiento. Durante la reuni\u00f3n las autoridades nacionales\u00a0 pidieron mejorar la eficiencia en el uso de los recursos energ\u00e9ticos. Y\u00a0 el ministro nos dijo que se estaba analizando este tema de los gastos en energ\u00eda. De todas maneras, en ning\u00fan momento se nos inform\u00f3, incluso estando el Presidente brevemente en la reuni\u00f3n, que se iba a disponer de una partida de fondos para afrontar la problem\u00e1tica. Cuando salimos nos enteramos de que en una conferencia de prensa se hab\u00edan comprometido las autoridades a enviar\u00a0 $500 millones\u201d.<\/p>\n<p>Sobre estos fondos el rector Rovere dijo que \u201cno qued\u00f3 en claro de d\u00f3nde se financian. Entendemos que es parte de los fondos asignados por la Ley de presupuestos que deja unos 1.500 millones de pesos disponibles, a trav\u00e9s de la jefatura de Gabinete,\u00a0 destinados a funcionamiento o algunos programas espec\u00edficos. No es un agregado de presupuesto adicional sino que pareciera ser parte del presupuesto ya asignado\u201d.<\/p>\n<p>Y remarc\u00f3 que \u201clos fondos est\u00e1n\u00a0 destinados concretamente a cubrir los desfasajes en el costo energ\u00e9tico, especialmente de energ\u00eda el\u00e9ctrica, a lo que se destinar\u00edan unos 400 millones del total a partir de una estimaci\u00f3n que se trabaj\u00f3 con las \u00e1reas t\u00e9cnicas del CIN,\u00a0 incluso con la participaci\u00f3n de la Secretar\u00eda de Coordinaci\u00f3n de T\u00e9cnica y Servicios de la UNRC. En la estimaci\u00f3n se\u00a0 establecieron valores relativos de las universidades en cuanto a gastos de energ\u00eda el\u00e9ctrica\u00a0 en los meses de abril y febrero y en comparaci\u00f3n con los mismos meses del a\u00f1o anterior para poder determinar cu\u00e1les hab\u00edan sido las modificaciones tarifarias\u201d.<\/p>\n<h6>fuente: Puntal<\/h6>\n","protected":false},"excerpt":{"rendered":"<p>Es el c\u00e1lculo que hicieron los rectores sobre la necesidad de fondos para no perder poder adquisitivo en el presupuesto aprobado el a\u00f1o pasado. La Naci\u00f3n anunci\u00f3 que enviar\u00e1 $500 millones para pagar la luz<\/p>\n","protected":false},"author":2,"featured_media":48067,"comment_status":"closed","ping_status":"closed","sticky":false,"template":"","format":"standard","meta":{"footnotes":""},"categories":[8],"tags":[21],"class_list":["post-48066","post","type-post","status-publish","format-standard","has-post-thumbnail","hentry","category-informe-nacional","tag-argentina"],"_links":{"self":[{"href":"http:\/\/argentinamunicipal.com.ar\/argentina\/wp-json\/wp\/v2\/posts\/48066","targetHints":{"allow":["GET"]}}],"collection":[{"href":"http:\/\/argentinamunicipal.com.ar\/argentina\/wp-json\/wp\/v2\/posts"}],"about":[{"href":"http:\/\/argentinamunicipal.com.ar\/argentina\/wp-json\/wp\/v2\/types\/post"}],"author":[{"embeddable":true,"href":"http:\/\/argentinamunicipal.com.ar\/argentina\/wp-json\/wp\/v2\/users\/2"}],"replies":[{"embeddable":true,"href":"http:\/\/argentinamunicipal.com.ar\/argentina\/wp-json\/wp\/v2\/comments?post=48066"}],"version-history":[{"count":0,"href":"http:\/\/argentinamunicipal.com.ar\/argentina\/wp-json\/wp\/v2\/posts\/48066\/revisions"}],"wp:featuredmedia":[{"embeddable":true,"href":"http:\/\/argentinamunicipal.com.ar\/argentina\/wp-json\/wp\/v2\/media\/48067"}],"wp:attachment":[{"href":"http:\/\/argentinamunicipal.com.ar\/argentina\/wp-json\/wp\/v2\/media?parent=48066"}],"wp:term":[{"taxonomy":"category","embeddable":true,"href":"http:\/\/argentinamunicipal.com.ar\/argentina\/wp-json\/wp\/v2\/categories?post=48066"},{"taxonomy":"post_tag","embeddable":true,"href":"http:\/\/argentinamunicipal.com.ar\/argentina\/wp-json\/wp\/v2\/tags?post=48066"}],"curies":[{"name":"wp","href":"https:\/\/api.w.org\/{rel}","templated":true}]}}