{"id":481,"date":"2014-02-10T09:11:52","date_gmt":"2014-02-10T12:11:52","guid":{"rendered":"http:\/\/argentinamunicipal.com.ar\/argentina\/?p=481"},"modified":"2014-02-10T12:13:54","modified_gmt":"2014-02-10T15:13:54","slug":"municipales-de-catamarca-siguen-con-el-plan-de-lucha-ateca-inicia-paro-y-obras-publicas-amenaza","status":"publish","type":"post","link":"http:\/\/argentinamunicipal.com.ar\/argentina\/municipales-de-catamarca-siguen-con-el-plan-de-lucha-ateca-inicia-paro-y-obras-publicas-amenaza\/","title":{"rendered":"Municipales de Catamarca siguen con el plan de lucha, Ateca inicia paro y obras p\u00fablicas amenaza"},"content":{"rendered":"<p>El secretario general de ATE, Ricardo Ar\u00e9valo manifest\u00f3 en di\u00e1logo con LA UNION que los empleados municipales de varias comunas del interior est\u00e1n al borde de convocar a un paro general y por tiempo indeterminado si no hay respuesta de aumento salarial.<\/p>\n<p>En esa l\u00ednea, mencion\u00f3 que a partir de la 0.00, los municipales de Pacl\u00edn retomar\u00e1n el plan de lucha que hab\u00edan iniciado el pasado 21 de enero.<\/p>\n<p>\u201cLos municipales de Pacl\u00edn est\u00e1n firme con el pedido de $ 1.600 y quieren una respuesta ahora porque si no van a endurecer la medida de fuerza \u201d, coment\u00f3 Ar\u00e9valo.<\/p>\n<p>Respecto a la situaci\u00f3n en los otros municipios, el gremialista se\u00f1al\u00f3 que tambi\u00e9n los \u201c\u00e1nimos est\u00e1n caldeados\u201d, y que en el caso de Tinogasta los empleados esperan la oferta salarial del Ejecutivo municipal en la audiencia de conciliaci\u00f3n obligatoria el pr\u00f3ximo 14 de febrero, al igual que Andalag\u00e1, cuya convocatoria est\u00e1 fijada para el 17 del mismo mes. En ambas comunas, los trabajadores reclaman $ 2.000 de aumento.<\/p>\n<p>Por \u00faltimo, Ar\u00e9valo se\u00f1al\u00f3 que a partir de las 8.00 se realizar\u00e1 la conciliaci\u00f3n obligatoria de los empleados de Obras P\u00fablicas, quienes ya advirtieron que en caso de no acordar llevar\u00e1n el reclamo directamente a las calles. La etapa de conciliaci\u00f3n dura 15 d\u00edas, en caso de no acordar en ese t\u00e9rmino, las partes quedan liberadas para iniciar medidas de fuerza.<\/p>\n<pre>Fuente: La Uni\u00f3n Digital<\/pre>\n","protected":false},"excerpt":{"rendered":"<p>El secretario general de ATE, Ricardo Ar\u00e9valo manifest\u00f3 en di\u00e1logo con LA UNION que los empleados municipales de varias comunas del interior est\u00e1n al borde de convocar a un paro general y por tiempo indeterminado si no hay respuesta de aumento salarial. En esa l\u00ednea, mencion\u00f3 que a partir de la 0.00, los municipales de<\/p>\n","protected":false},"author":1,"featured_media":0,"comment_status":"closed","ping_status":"closed","sticky":false,"template":"","format":"standard","meta":{"footnotes":""},"categories":[7],"tags":[16],"class_list":["post-481","post","type-post","status-publish","format-standard","hentry","category-informe-sindical","tag-catamarca"],"_links":{"self":[{"href":"http:\/\/argentinamunicipal.com.ar\/argentina\/wp-json\/wp\/v2\/posts\/481","targetHints":{"allow":["GET"]}}],"collection":[{"href":"http:\/\/argentinamunicipal.com.ar\/argentina\/wp-json\/wp\/v2\/posts"}],"about":[{"href":"http:\/\/argentinamunicipal.com.ar\/argentina\/wp-json\/wp\/v2\/types\/post"}],"author":[{"embeddable":true,"href":"http:\/\/argentinamunicipal.com.ar\/argentina\/wp-json\/wp\/v2\/users\/1"}],"replies":[{"embeddable":true,"href":"http:\/\/argentinamunicipal.com.ar\/argentina\/wp-json\/wp\/v2\/comments?post=481"}],"version-history":[{"count":0,"href":"http:\/\/argentinamunicipal.com.ar\/argentina\/wp-json\/wp\/v2\/posts\/481\/revisions"}],"wp:attachment":[{"href":"http:\/\/argentinamunicipal.com.ar\/argentina\/wp-json\/wp\/v2\/media?parent=481"}],"wp:term":[{"taxonomy":"category","embeddable":true,"href":"http:\/\/argentinamunicipal.com.ar\/argentina\/wp-json\/wp\/v2\/categories?post=481"},{"taxonomy":"post_tag","embeddable":true,"href":"http:\/\/argentinamunicipal.com.ar\/argentina\/wp-json\/wp\/v2\/tags?post=481"}],"curies":[{"name":"wp","href":"https:\/\/api.w.org\/{rel}","templated":true}]}}