{"id":48118,"date":"2016-05-11T08:34:09","date_gmt":"2016-05-11T11:34:09","guid":{"rendered":"http:\/\/argentinamunicipal.com.ar\/argentina\/?p=48118"},"modified":"2016-05-11T08:34:09","modified_gmt":"2016-05-11T11:34:09","slug":"pueblo-santafesino-reparte-lena-calefaccionar-las-casas-ante-la-suba-tarifas","status":"publish","type":"post","link":"http:\/\/argentinamunicipal.com.ar\/argentina\/pueblo-santafesino-reparte-lena-calefaccionar-las-casas-ante-la-suba-tarifas\/","title":{"rendered":"Un pueblo santafesino reparte le\u00f1a para calefaccionar las casas ante la suba de tarifas"},"content":{"rendered":"<p>Carreras: Un cami\u00f3n de la municipalidad recorre las calles de la peque\u00f1a localidad ofreciendo le\u00f1a al menos una vez a la semana a las familias que salen a buscar para realizar peque\u00f1as fogatas en recipientes de hierro fundido en su hogares.<\/p>\n<p>La suba de tarifas est\u00e1 impactando fuertemente en todo el pa\u00eds y ante la llevada de las bajas temperaturas, un municipio santafesino sali\u00f3 a repartir le\u00f1a para que las familias puedan calefaccionar sus hogares.<\/p>\n<p>La ins\u00f3lita decisi\u00f3n fue tomada por el intendente German Battista, intendente de la localidad de Carreras ubicada a unos 283 kil\u00f3metros al sur de la capital provincial y en la que viven unas 2.200 personas.<\/p>\n<p>\u00abLa energ\u00eda el\u00e9ctrica se ha tornado inaccesible, lo mismo el combustible y el gas, no es grato entrar en el invierno y no tener c\u00f3mo calefaccionarse, no es una cuesti\u00f3n de confort, es de salud\u00bb, explic\u00f3 Battista en declaraciones televisivas.<\/p>\n<p>Un cami\u00f3n de la municipalidad recorre las calles de la peque\u00f1a localidad ofreciendo le\u00f1a al menos una vez a la semana a las familias que salen a buscar para realizar peque\u00f1as fogatas en recipientes de hierro fundido en su hogares.<\/p>\n<p>\u00abHay troncos secos en la zona rural, los empleados (de la comuna) los fraccionan con sierras, y los reparten en bolsas usadas de semillas de soja. No son los m\u00e9todos m\u00e1s modernos, parece que vamos para atr\u00e1s y en realidad vamos\u00bb, dijo Battista.<\/p>\n<p>Los ciudadanos de Carreras se quejan porque ellos no fueron subsidiados en los \u00faltimos a\u00f1os por el gobierno kirchnerista en comparaci\u00f3n con los usuarios de Capital Federal y el Gran Buenos Aires, y a pesar de eso las tarifas se triplicaron en los \u00faltimos meses.<\/p>\n<p>Carreras tiene su econom\u00eda basada en la producci\u00f3n rural &#8211; principalmente de soja-, no tiene red gas natural y sus habitantes dependen de combustibles o energ\u00eda el\u00e9ctrica para calefaccionarse y cocinar.<\/p>\n<p>\u00abLa garrafa de gas licuado de petr\u00f3leo para uso domiciliario pas\u00f3 de 16 a 200 pesos y el kerosene cuesta 25 pesos el litro. Yo me pregunto \u00bfc\u00f3mo hace un jubilado que cobra 4.900 pesos por mes para comer, calefaccionarse y comprar medicamentos? Hay que hacer algo\u00bb, dijo Battista al justificar el reparto de le\u00f1a.<\/p>\n<h6>Fuente: Uno, Mendoza<\/h6>\n","protected":false},"excerpt":{"rendered":"<p>Carreras: Un cami\u00f3n de la municipalidad recorre las calles de la peque\u00f1a localidad ofreciendo le\u00f1a al menos una vez a la semana a las familias que salen a buscar para realizar peque\u00f1as fogatas en recipientes de hierro fundido en su hogares.<\/p>\n","protected":false},"author":2,"featured_media":48119,"comment_status":"closed","ping_status":"closed","sticky":false,"template":"","format":"standard","meta":{"footnotes":""},"categories":[2],"tags":[10],"class_list":["post-48118","post","type-post","status-publish","format-standard","has-post-thumbnail","hentry","category-informe-municipal","tag-santa-fe"],"_links":{"self":[{"href":"http:\/\/argentinamunicipal.com.ar\/argentina\/wp-json\/wp\/v2\/posts\/48118","targetHints":{"allow":["GET"]}}],"collection":[{"href":"http:\/\/argentinamunicipal.com.ar\/argentina\/wp-json\/wp\/v2\/posts"}],"about":[{"href":"http:\/\/argentinamunicipal.com.ar\/argentina\/wp-json\/wp\/v2\/types\/post"}],"author":[{"embeddable":true,"href":"http:\/\/argentinamunicipal.com.ar\/argentina\/wp-json\/wp\/v2\/users\/2"}],"replies":[{"embeddable":true,"href":"http:\/\/argentinamunicipal.com.ar\/argentina\/wp-json\/wp\/v2\/comments?post=48118"}],"version-history":[{"count":0,"href":"http:\/\/argentinamunicipal.com.ar\/argentina\/wp-json\/wp\/v2\/posts\/48118\/revisions"}],"wp:featuredmedia":[{"embeddable":true,"href":"http:\/\/argentinamunicipal.com.ar\/argentina\/wp-json\/wp\/v2\/media\/48119"}],"wp:attachment":[{"href":"http:\/\/argentinamunicipal.com.ar\/argentina\/wp-json\/wp\/v2\/media?parent=48118"}],"wp:term":[{"taxonomy":"category","embeddable":true,"href":"http:\/\/argentinamunicipal.com.ar\/argentina\/wp-json\/wp\/v2\/categories?post=48118"},{"taxonomy":"post_tag","embeddable":true,"href":"http:\/\/argentinamunicipal.com.ar\/argentina\/wp-json\/wp\/v2\/tags?post=48118"}],"curies":[{"name":"wp","href":"https:\/\/api.w.org\/{rel}","templated":true}]}}