{"id":4815,"date":"2014-03-25T07:56:07","date_gmt":"2014-03-25T10:56:07","guid":{"rendered":"http:\/\/argentinamunicipal.com.ar\/argentina\/?p=4815"},"modified":"2014-03-25T07:56:07","modified_gmt":"2014-03-25T10:56:07","slug":"se-estaciono-la-creciente-pero-sigue-el-estado-de-alerta-en-corrientes","status":"publish","type":"post","link":"http:\/\/argentinamunicipal.com.ar\/argentina\/se-estaciono-la-creciente-pero-sigue-el-estado-de-alerta-en-corrientes\/","title":{"rendered":"Se estacion\u00f3 la creciente pero sigue el estado de alerta en Corrientes"},"content":{"rendered":"<p><a href=\"http:\/\/argentinamunicipal.com.ar\/argentina\/wp-content\/uploads\/2014\/03\/650701.jpg\"><img loading=\"lazy\" decoding=\"async\" class=\"aligncenter size-full wp-image-4816\" alt=\"650701\" src=\"http:\/\/argentinamunicipal.com.ar\/argentina\/wp-content\/uploads\/2014\/03\/650701.jpg\" width=\"718\" height=\"404\" srcset=\"http:\/\/argentinamunicipal.com.ar\/argentina\/wp-content\/uploads\/2014\/03\/650701.jpg 718w, http:\/\/argentinamunicipal.com.ar\/argentina\/wp-content\/uploads\/2014\/03\/650701-300x168.jpg 300w\" sizes=\"auto, (max-width: 718px) 100vw, 718px\" \/><\/a><br \/>\nTodav\u00eda se debe llevar alimentos a correntinos que se encuentran en parajes aislados. Se espera que, si no vuelve a llover, haya un descenso r\u00e1pido de las aguas. Las zonas rurales de San Luis del Palmar y de Empedrado son las complicadas y a las que se est\u00e1 asistiendo en estos momentos.<\/p>\n<p>Lentamente el nivel de las aguas que anegan los campos de los departamentos ubicados en el Noroeste de la provincia de Corrientes comienza a escurrir, por los desag\u00fces naturales que son r\u00edos y arroyos.<\/p>\n<p>\u201cEl agua est\u00e1 bajando lentamente, pero estamos muy atentos al pron\u00f3stico que indica que el jueves podr\u00eda volver a llover\u201d dijo a \u00e9poca el director de Defensa Civil Eulogio \u201cOhio\u201d M\u00e1rquez.<\/p>\n<p>Las zonas que preocupan son los sectores rurales de San Luis del Palmar y de Empedrado, por donde escurre la gran cantidad de agua hacia el Paran\u00e1.<\/p>\n<p>En los parajes rurales de Empedrado ma\u00f1ana se iniciar\u00e1 un operativo sanitario y alimenticio. Primeramente por tierra se llevar\u00e1 los suministros hasta donde se pueda y, haciendo base en ese lugar, con el helic\u00f3ptero de la provincia se llevar\u00e1 la ayuda a las familias que se encuentran aisladas.<\/p>\n<p>En la zona rural de San Luis del Palmar los trabajos se realizaron de la misma forma. Observando que el trayecto v\u00eda terrestre era complicado y que retrasaba la llegada de la ayuda, se llev\u00f3 un cami\u00f3n con los suministros hasta el cruce de las rutas provinciales 5 y 28 y desde all\u00ed por v\u00eda a\u00e9rea se llev\u00f3 la asistencia a los pobladores de Maloya y Costa Grande.<\/p>\n<p>Desde Defensa Civil observan el pron\u00f3stico del clima. \u201cSi llegara a llover de nuevo hasta 50 mil\u00edmetros creo que se podr\u00eda soportar pero si llueve m\u00e1s que eso vamos a estar muy complicados\u201d dijo M\u00e1rquez. El funcionario sostiene que esta primera lluvia de oto\u00f1o no lleg\u00f3 a llenar lagunas y ca\u00f1adas. \u201cDesde el aire se puede observar que todav\u00eda hay m\u00e1rgenes de crecimiento de lagunas, por suerte no llovi\u00f3 todo junto sino que a lo largo de varios d\u00edas o sino hubiese sido peor\u201d aseguro. \u201cAyer bajo 12 cent\u00edmetros el Riachuelo y el Riachuelito tambi\u00e9n est\u00e1 bajando ahora esperamos que comience a bajar de golpe\u201d dijo M\u00e1rquez basado en la experiencia de otras inundaciones.<\/p>\n<h6>Fuente: Diario Epoca<\/h6>\n","protected":false},"excerpt":{"rendered":"<p>Todav\u00eda se debe llevar alimentos a correntinos que se encuentran en parajes aislados. Se espera que, si no vuelve a llover, haya un descenso r\u00e1pido de las aguas. Las zonas rurales de San Luis del Palmar y de Empedrado son las complicadas y a las que se est\u00e1 asistiendo en estos momentos. Lentamente el nivel<\/p>\n","protected":false},"author":2,"featured_media":4816,"comment_status":"closed","ping_status":"closed","sticky":false,"template":"","format":"standard","meta":{"footnotes":""},"categories":[48],"tags":[13],"class_list":["post-4815","post","type-post","status-publish","format-standard","has-post-thumbnail","hentry","category-contingencias","tag-corrientes"],"_links":{"self":[{"href":"http:\/\/argentinamunicipal.com.ar\/argentina\/wp-json\/wp\/v2\/posts\/4815","targetHints":{"allow":["GET"]}}],"collection":[{"href":"http:\/\/argentinamunicipal.com.ar\/argentina\/wp-json\/wp\/v2\/posts"}],"about":[{"href":"http:\/\/argentinamunicipal.com.ar\/argentina\/wp-json\/wp\/v2\/types\/post"}],"author":[{"embeddable":true,"href":"http:\/\/argentinamunicipal.com.ar\/argentina\/wp-json\/wp\/v2\/users\/2"}],"replies":[{"embeddable":true,"href":"http:\/\/argentinamunicipal.com.ar\/argentina\/wp-json\/wp\/v2\/comments?post=4815"}],"version-history":[{"count":0,"href":"http:\/\/argentinamunicipal.com.ar\/argentina\/wp-json\/wp\/v2\/posts\/4815\/revisions"}],"wp:featuredmedia":[{"embeddable":true,"href":"http:\/\/argentinamunicipal.com.ar\/argentina\/wp-json\/wp\/v2\/media\/4816"}],"wp:attachment":[{"href":"http:\/\/argentinamunicipal.com.ar\/argentina\/wp-json\/wp\/v2\/media?parent=4815"}],"wp:term":[{"taxonomy":"category","embeddable":true,"href":"http:\/\/argentinamunicipal.com.ar\/argentina\/wp-json\/wp\/v2\/categories?post=4815"},{"taxonomy":"post_tag","embeddable":true,"href":"http:\/\/argentinamunicipal.com.ar\/argentina\/wp-json\/wp\/v2\/tags?post=4815"}],"curies":[{"name":"wp","href":"https:\/\/api.w.org\/{rel}","templated":true}]}}