{"id":48156,"date":"2016-05-12T05:27:49","date_gmt":"2016-05-12T08:27:49","guid":{"rendered":"http:\/\/argentinamunicipal.com.ar\/argentina\/?p=48156"},"modified":"2016-05-12T07:32:49","modified_gmt":"2016-05-12T10:32:49","slug":"veto-la-escuela-macri","status":"publish","type":"post","link":"http:\/\/argentinamunicipal.com.ar\/argentina\/veto-la-escuela-macri\/","title":{"rendered":"Otro veto de la escuela Macri"},"content":{"rendered":"<p>La norma fue aprobada con el apoyo del PRO incluido. Es la firma Acoplados Petinari, que en 2015 dej\u00f3 de pagar sueldos y tiene deudas millonarias. Los 120 trabajadores se organizaron en una cooperativa para seguir la producci\u00f3n. Vidal les baj\u00f3 el pulgar.<\/p>\n<p>La gobernadora Mar\u00eda Eugenia Vidal vet\u00f3 la ley de expropiaci\u00f3n de la f\u00e1brica Acoplados Petinari, una metal\u00fargica con sede en Merlo, Buenos Aires, que en febrero de 2015 dej\u00f3 de pagar los sueldos y en julio de ese a\u00f1o se convirti\u00f3 en una cooperativa. \u201cDesde que la empresa dej\u00f3 de responder a sus responsabilidades acumul\u00f3 una deuda que supera los 50 millones de pesos a sus ex empleados entre salarios, aguinaldo y aportes\u201d, explic\u00f3 a P\u00e1gina\/12 Luis Coronado, abogado que patrocin\u00f3 a los trabajadores que se constituyeron en Acoplados del Oeste (ADO). El proyecto para recuperar la planta hab\u00eda contado con el apoyo de las dos c\u00e1maras de la provincia, incluido el bloque PRO. \u201cEl veto nos llama la atenci\u00f3n porque el Ministerio de Producci\u00f3n, que es la autoridad de aplicaci\u00f3n, visit\u00f3 la planta con t\u00e9cnicos y despu\u00e9s de relevar la situaci\u00f3n envi\u00f3 un informe positivo a la gobernadora\u201d, agreg\u00f3 Coronado. El lunes pasado, el Juzgado de Garant\u00edas N\u00b0 2 de Mor\u00f3n notific\u00f3 a la cooperativa, que brinda 120 puestos de trabajo, que en 10 d\u00edas se dispondr\u00e1 una fecha de desalojo.<\/p>\n<p>\u201cEstamos hablando de una empresa en la que se acredit\u00f3 el vaciamiento, que entre 2012 y 2015 despidi\u00f3 a 180 personas y que redujo el plantel al punto de quedar inoperable\u201d, sostuvo el abogado. Seg\u00fan cont\u00f3 Coronado, adem\u00e1s de lo adeudado a quienes trabajaban en la empresa, la firma Petinari debe a la AFIP aportes y contribuciones desde 2009 y ganancias desde 2007. Adem\u00e1s, la ex metal\u00fargica acumul\u00f3 una deuda comercial de 4 millones y medio de pesos y otra de unos 3,5 millones a ARBA. Por otra parte, a pesar de haber concretado varias audiencias en el Ministerio de Trabajo, las negociaciones fracasaron \u201cy a la \u00faltima instancia (los responsables de la firma) ni siquiera se presentaron\u201d, asegur\u00f3 el letrado. \u201cEsta fue la conducta econ\u00f3mica de una empresa que defiende la propiedad privada\u201d, ironiz\u00f3.<\/p>\n<p>Claudio Caponera, otro de los abogados que acompa\u00f1a a ADO, cont\u00f3 a este diario que los trabajadores ya fueron notificados para abandonar la planta en el corto plazo. Al respecto, cuestion\u00f3 la aplicaci\u00f3n del Derecho Penal a quienes trabajan y no a los titulares de las empresas. \u201cLa actual Ley de quiebras es de la d\u00e9cada del 90 y no contempla un castigo para el empresario que se desliga de sus responsabilidades\u201d, coment\u00f3 Caponera. As\u00ed, por ser m\u00e1s sencillo de corroborar, \u201cla usurpaci\u00f3n se castiga porque ya se cometi\u00f3 el delito, a diferencia del vaciamiento, que requiere de una investigaci\u00f3n mucho m\u00e1s extensa y complicada\u201d.<\/p>\n<p>Luego del veto, diputados del kirchnerismo que hab\u00edan impulsado la expropiaci\u00f3n insistieron con el proyecto: de aprobarse nuevamente, Vidal ya no podr\u00eda vetar de nuevo la norma. El tema iba a ser tratado en la sesi\u00f3n de hoy. Sin embargo, ayer en la Comisi\u00f3n de Asuntos Constitucionales y Justicia, el massismo no acompa\u00f1\u00f3 la propuesta de volver a tratar el tema, por lo que no se consigui\u00f3 el dictamen positivo. \u201cLos diputados del Frente Renovador, que hab\u00edan palmeado la espalda de los trabajadores, hoy (por ayer) se dieron vuelta, por lo que la \u00fanica posibilidad es que se trate sobre tablas, aunque ya dejaron trascender que no bajar\u00e1n a votar\u201d, cont\u00f3 Caponera.<\/p>\n<p>\u201cSabemos que la situaci\u00f3n es muy complicada porque nos soltaron la mano\u201d, dijo el presidente de la cooperativa, Jorge Guti\u00e9rrez, por la decisi\u00f3n de \u00faltima hora de los diputados massistas. El dirigente de ADO manifest\u00f3 que no quieren que \u201cla situaci\u00f3n pase a mayores\u201d, pero no consideran dejar la f\u00e1brica. \u201cNo nos asusta el desalojo, pero s\u00ed volver a la calle\u201d, dijo el presidente de la cooperativa a este diario.<\/p>\n<p>Hoy, los trabajadores se movilizar\u00e1n desde el Ministerio de Producci\u00f3n de Buenos Aires hasta la Legislatura provincial, en la capital bonaerense.<\/p>\n<p>Miguel Funes, autor del proyecto para expropiar la planta que fue vetado por la gobernadora, asegur\u00f3 estar \u201cpreocupado\u201d por la situaci\u00f3n de ADO. \u201cSabemos que nuestro bloque acompa\u00f1ar\u00e1 el rechazo al veto y esperamos contar con el apoyo de otros bloques para evitar que estas 120 familias se queden en la calle\u201d, agreg\u00f3. Para el diputado, \u201clo de la empresa no fue una impericia, sino una actitud voraz de querer sacar ventaja\u201d, por lo que \u201cno hay motivos para defenderla, ya que demostr\u00f3 una conducta vaciadora y evasora\u201d. Funes tambi\u00e9n se\u00f1al\u00f3 que \u201cla gobernadora est\u00e1 en su derecho de vetar esta ley\u201d, pero advirti\u00f3 que \u201cva camino a convertirse en una vetadora compulsiva como lo hac\u00eda Mauricio Macri en la Ciudad\u201d.<\/p>\n<p>\u201cLa realidad es que para Vidal el m\u00e1s d\u00e9bil es la ex Petinari a la que protege, no los trabajadores\u201d, consider\u00f3 el diputado kirchnerista. Seg\u00fan explic\u00f3, la cooperativa autogestiva ADO no est\u00e1 en contra de articular con el gobierno nacional ni el provincial: \u201cBienvenido sea si llega este apoyo, que es m\u00e1s que necesario para ellos, pero en cambio, la gobernadora eligi\u00f3 premiar a un sector que fue irresponsable con el trabajo de mucha gente\u201d, sentenci\u00f3.<\/p>\n<p>La f\u00e1brica es una de las tres m\u00e1s importantes del mercado nacional dedicada a la fabricaci\u00f3n de acoplados, carrocer\u00edas volcadoras, semirremolques, bateas, contenedores y repuestos en general. El conflicto se origin\u00f3 en febrero de 2015, cuando en la planta ya se hab\u00eda reducido a 188 empleados: tres a\u00f1os atr\u00e1s funcionaba con 374. El 7 de julio se constituy\u00f3 como cooperativa y en agosto del mismo a\u00f1o inici\u00f3 el proyecto de expropiaci\u00f3n, aprobado por ambas c\u00e1maras y luego vetado por el poder Ejecutivo a trav\u00e9s del decreto 307\/2016.<\/p>\n<h6>Fuente: P\u00e1gina 12<\/h6>\n","protected":false},"excerpt":{"rendered":"<p>La norma fue aprobada con el apoyo del PRO. Es la firma Acoplados Petinari, que en 2015 dej\u00f3 de pagar sueldos y tiene deudas millonarias. Los 120 trabajadores se organizaron en una cooperativa para seguir la producci\u00f3n. Vidal les baj\u00f3 el pulgar.<\/p>\n","protected":false},"author":2,"featured_media":48157,"comment_status":"closed","ping_status":"closed","sticky":false,"template":"","format":"standard","meta":{"footnotes":""},"categories":[4],"tags":[12],"class_list":["post-48156","post","type-post","status-publish","format-standard","has-post-thumbnail","hentry","category-informe-politico","tag-buenos-aires"],"_links":{"self":[{"href":"http:\/\/argentinamunicipal.com.ar\/argentina\/wp-json\/wp\/v2\/posts\/48156","targetHints":{"allow":["GET"]}}],"collection":[{"href":"http:\/\/argentinamunicipal.com.ar\/argentina\/wp-json\/wp\/v2\/posts"}],"about":[{"href":"http:\/\/argentinamunicipal.com.ar\/argentina\/wp-json\/wp\/v2\/types\/post"}],"author":[{"embeddable":true,"href":"http:\/\/argentinamunicipal.com.ar\/argentina\/wp-json\/wp\/v2\/users\/2"}],"replies":[{"embeddable":true,"href":"http:\/\/argentinamunicipal.com.ar\/argentina\/wp-json\/wp\/v2\/comments?post=48156"}],"version-history":[{"count":0,"href":"http:\/\/argentinamunicipal.com.ar\/argentina\/wp-json\/wp\/v2\/posts\/48156\/revisions"}],"wp:featuredmedia":[{"embeddable":true,"href":"http:\/\/argentinamunicipal.com.ar\/argentina\/wp-json\/wp\/v2\/media\/48157"}],"wp:attachment":[{"href":"http:\/\/argentinamunicipal.com.ar\/argentina\/wp-json\/wp\/v2\/media?parent=48156"}],"wp:term":[{"taxonomy":"category","embeddable":true,"href":"http:\/\/argentinamunicipal.com.ar\/argentina\/wp-json\/wp\/v2\/categories?post=48156"},{"taxonomy":"post_tag","embeddable":true,"href":"http:\/\/argentinamunicipal.com.ar\/argentina\/wp-json\/wp\/v2\/tags?post=48156"}],"curies":[{"name":"wp","href":"https:\/\/api.w.org\/{rel}","templated":true}]}}