{"id":48189,"date":"2016-05-13T07:06:53","date_gmt":"2016-05-13T10:06:53","guid":{"rendered":"http:\/\/argentinamunicipal.com.ar\/argentina\/?p=48189"},"modified":"2016-05-13T08:15:28","modified_gmt":"2016-05-13T11:15:28","slug":"san-jorge-prohibieron-la-instalacion-nuevos-negocios","status":"publish","type":"post","link":"http:\/\/argentinamunicipal.com.ar\/argentina\/san-jorge-prohibieron-la-instalacion-nuevos-negocios\/","title":{"rendered":"En San Jorge prohibieron la instalaci\u00f3n de nuevos negocios"},"content":{"rendered":"<p>El intendente Enrique Marcucci explic\u00f3 que esta decisi\u00f3n responde a la crisis. Adem\u00e1s, sostuvo que comerciantes y trabajadores apoyan esta decisi\u00f3n.<\/p>\n<p>El intendente de la ciudad santafesina de San Jorge, Enrique Marucci, prohibi\u00f3 por decreto la instalaci\u00f3n de nuevos negocios ante la baja en las ventas de varias ramas del comercio y los servicios, como medida para proteger a los mercantiles ya existentes. La medida tiene vigencia por seis meses y caducar\u00e1 el 3 de noviembre pr\u00f3ximo.<\/p>\n<p>Marucci argument\u00f3 que su in\u00e9dita decisi\u00f3n responde a \u00abuna inquietud de los propios comerciantes, que celebraron la medida\u00bb. \u00abEstamos atravesando un contexto recesivo y a su vez una invasi\u00f3n de nuevos comercios de afuera. De ah\u00ed que hayamos decidido tomarnos este tiempo para discutir una ordenanza que garantice la competencia equilibrada entre quienes hace a\u00f1os tienen sus locales abiertos y aquellos que planean radicarse\u00bb, explic\u00f3.<\/p>\n<p>En declaraciones al portal V\u00edaRosario, el jefe comunal dijo que \u00abla medida en realidad es ampliatoria de un decreto que ya estaba en ejecuci\u00f3n y que prohib\u00eda la instalaci\u00f3n de supermercados. Se venc\u00eda el plazo de dicha limitaci\u00f3n y adem\u00e1s de prorrogar la restricci\u00f3n para los supermercados, decidimos ampliarla\u00bb.<\/p>\n<p>Por \u00faltimo, Marucci consider\u00f3 que \u00abhay un firme inter\u00e9s de esta gesti\u00f3n de mantener el empleo en la localidad y creemos que con estas acciones damos algo de aire a un amplio sector que hoy intenta salir adelante. Hasta el momento no hemos recibido gente oponi\u00e9ndose\u00bb.<\/p>\n<p>A su vez, en el texto de la ordenanza se determina que \u00abse ha suspendido hasta el 3 de noviembre de 2016 el inicio de todo tr\u00e1mite de otorgamiento de nuevas factibilidades de radicaci\u00f3n y funcionamiento, adem\u00e1s de habilitaciones a locales comerciales cuyo destino o rubro sean las actividades de autoservicios, supermercados, y similares actividades comerciales, y comercios dedicados a la venta de indumentaria en general (zapatillas, ropa, marroquiner\u00eda, etc.)\u00bb.<\/p>\n<h6>Fuente: Sin MOrdaza<\/h6>\n","protected":false},"excerpt":{"rendered":"<p>El intendente Enrique Marcucci explic\u00f3 que esta decisi\u00f3n responde a la crisis. Adem\u00e1s, sostuvo que comerciantes y trabajadores apoyan esta decisi\u00f3n.<\/p>\n","protected":false},"author":2,"featured_media":48190,"comment_status":"closed","ping_status":"closed","sticky":false,"template":"","format":"standard","meta":{"footnotes":""},"categories":[5],"tags":[10],"class_list":["post-48189","post","type-post","status-publish","format-standard","has-post-thumbnail","hentry","category-informe-economico","tag-santa-fe"],"_links":{"self":[{"href":"http:\/\/argentinamunicipal.com.ar\/argentina\/wp-json\/wp\/v2\/posts\/48189","targetHints":{"allow":["GET"]}}],"collection":[{"href":"http:\/\/argentinamunicipal.com.ar\/argentina\/wp-json\/wp\/v2\/posts"}],"about":[{"href":"http:\/\/argentinamunicipal.com.ar\/argentina\/wp-json\/wp\/v2\/types\/post"}],"author":[{"embeddable":true,"href":"http:\/\/argentinamunicipal.com.ar\/argentina\/wp-json\/wp\/v2\/users\/2"}],"replies":[{"embeddable":true,"href":"http:\/\/argentinamunicipal.com.ar\/argentina\/wp-json\/wp\/v2\/comments?post=48189"}],"version-history":[{"count":0,"href":"http:\/\/argentinamunicipal.com.ar\/argentina\/wp-json\/wp\/v2\/posts\/48189\/revisions"}],"wp:featuredmedia":[{"embeddable":true,"href":"http:\/\/argentinamunicipal.com.ar\/argentina\/wp-json\/wp\/v2\/media\/48190"}],"wp:attachment":[{"href":"http:\/\/argentinamunicipal.com.ar\/argentina\/wp-json\/wp\/v2\/media?parent=48189"}],"wp:term":[{"taxonomy":"category","embeddable":true,"href":"http:\/\/argentinamunicipal.com.ar\/argentina\/wp-json\/wp\/v2\/categories?post=48189"},{"taxonomy":"post_tag","embeddable":true,"href":"http:\/\/argentinamunicipal.com.ar\/argentina\/wp-json\/wp\/v2\/tags?post=48189"}],"curies":[{"name":"wp","href":"https:\/\/api.w.org\/{rel}","templated":true}]}}