{"id":48259,"date":"2016-05-14T08:59:32","date_gmt":"2016-05-14T11:59:32","guid":{"rendered":"http:\/\/argentinamunicipal.com.ar\/argentina\/?p=48259"},"modified":"2016-05-14T08:59:32","modified_gmt":"2016-05-14T11:59:32","slug":"unos-30-intendentes-del-interior-bonaerense-se-mostraron-preocupados-las-politicas-macristas","status":"publish","type":"post","link":"http:\/\/argentinamunicipal.com.ar\/argentina\/unos-30-intendentes-del-interior-bonaerense-se-mostraron-preocupados-las-politicas-macristas\/","title":{"rendered":"Unos 30 intendentes del interior bonaerense se mostraron \u00abpreocupados\u00bb por las pol\u00edticas macristas"},"content":{"rendered":"<p>Un grupo de intendentes justicialistas del interior de la provincia se reuni\u00f3 hoy en Guamin\u00ed con una agenda centrada en los \u00abproblemas\u00bb que atraviesan los Municipios. Desempleo, falta de pol\u00edticas sociales por parte del Gobierno nacional y una crisis productiva fueron los temas de debate. Tampoco se les escap\u00f3 la disputa por la FAM.<\/p>\n<p>24 dirigentes justicialistas del denominado Grupo de los 30 intendentes se reuni\u00f3 hoy en Guamin\u00ed, lo que signific\u00f3 el tercer c\u00f3nclave que vienen llevando a cabo en distintos distritos. Los anteriores se llevaron a cabo en Ca\u00f1uelas, Municipio dirigido por Marisa Fassi, y Roque P\u00e9rez, por Juan Carlos \u00abChinchu\u00bb Gasparini.<\/p>\n<p>\u00abLa idea es reflotar el Grupo de los 30 y trabajar m\u00e1s sobre el interior de la provincia con una agenda centrada en la problem\u00e1tica que atraviesan los distritos como el tema particular de los social, econ\u00f3mico y productivo, y sin ninguna duda, el desempleo\u00bb, confi\u00f3 a este medio el ex mandatario de San Vicente y dirigente del peronismo Daniel Di Sabatino en di\u00e1logo con INFOCIELO.<\/p>\n<p>Asimismo, los intendentes analizaron el armado pol\u00edtico que pondr\u00e1n en marcha con el objetivo de mantener espacios de poder en la Federaci\u00f3n Argentina de Municipios (FAM), instituci\u00f3n hoy dirigida por mandatario de Varela, Julio Pereyra, pero que la alianza Cambiemos ya sali\u00f3 a querer disputar.<\/p>\n<p>Tal como hab\u00eda adelantado este medio, para los alcaldes del interior Eduardo \u00abBali Bucca, titular del Ejecutivo de Bol\u00edvar, es \u00abes la propuesta m\u00e1s concreta\u00bb para proponerlo como sucesor de Pereyra.<\/p>\n<p>\u00abEl \u00fanico espacio organizado es el peronismo porque todos los dem\u00e1s a\u00fan no han formado sus bloques. La cuesti\u00f3n fundamental es trabajar por bloques, nosotros como justicialistas, pero ellos siguen desorganizados porque no se sabe si estar\u00e1n como UCR, PRO o Cambiemos\u00bb, confi\u00f3 otro de los presentes en el c\u00f3nclave, a la vez que agreg\u00f3 que muchos de los intendentes radicales y macristas \u00abni siquiera est\u00e1n afiliados a la FAM\u00bb, por lo que, dijo, \u00absus intenciones de disputar la FAM, hasta ahora, son s\u00f3lo expresiones fuera del \u00e1mbito concreto de la instituci\u00f3n\u00bb.<\/p>\n<h6>Fuente: InfoCielo<\/h6>\n","protected":false},"excerpt":{"rendered":"<p>Un grupo de intendentes justicialistas del interior de la provincia se reuni\u00f3 hoy en Guamin\u00ed con una agenda centrada en los \u00abproblemas\u00bb que atraviesan los Municipios. <\/p>\n","protected":false},"author":2,"featured_media":48260,"comment_status":"closed","ping_status":"closed","sticky":false,"template":"","format":"standard","meta":{"footnotes":""},"categories":[4],"tags":[12],"class_list":["post-48259","post","type-post","status-publish","format-standard","has-post-thumbnail","hentry","category-informe-politico","tag-buenos-aires"],"_links":{"self":[{"href":"http:\/\/argentinamunicipal.com.ar\/argentina\/wp-json\/wp\/v2\/posts\/48259","targetHints":{"allow":["GET"]}}],"collection":[{"href":"http:\/\/argentinamunicipal.com.ar\/argentina\/wp-json\/wp\/v2\/posts"}],"about":[{"href":"http:\/\/argentinamunicipal.com.ar\/argentina\/wp-json\/wp\/v2\/types\/post"}],"author":[{"embeddable":true,"href":"http:\/\/argentinamunicipal.com.ar\/argentina\/wp-json\/wp\/v2\/users\/2"}],"replies":[{"embeddable":true,"href":"http:\/\/argentinamunicipal.com.ar\/argentina\/wp-json\/wp\/v2\/comments?post=48259"}],"version-history":[{"count":0,"href":"http:\/\/argentinamunicipal.com.ar\/argentina\/wp-json\/wp\/v2\/posts\/48259\/revisions"}],"wp:featuredmedia":[{"embeddable":true,"href":"http:\/\/argentinamunicipal.com.ar\/argentina\/wp-json\/wp\/v2\/media\/48260"}],"wp:attachment":[{"href":"http:\/\/argentinamunicipal.com.ar\/argentina\/wp-json\/wp\/v2\/media?parent=48259"}],"wp:term":[{"taxonomy":"category","embeddable":true,"href":"http:\/\/argentinamunicipal.com.ar\/argentina\/wp-json\/wp\/v2\/categories?post=48259"},{"taxonomy":"post_tag","embeddable":true,"href":"http:\/\/argentinamunicipal.com.ar\/argentina\/wp-json\/wp\/v2\/tags?post=48259"}],"curies":[{"name":"wp","href":"https:\/\/api.w.org\/{rel}","templated":true}]}}