{"id":48268,"date":"2016-05-14T09:28:10","date_gmt":"2016-05-14T12:28:10","guid":{"rendered":"http:\/\/argentinamunicipal.com.ar\/argentina\/?p=48268"},"modified":"2016-05-14T09:28:10","modified_gmt":"2016-05-14T12:28:10","slug":"concejo-aprobo-proyecto-regular-e-incentivar-las-heladeras-sociales-santa-fe","status":"publish","type":"post","link":"http:\/\/argentinamunicipal.com.ar\/argentina\/concejo-aprobo-proyecto-regular-e-incentivar-las-heladeras-sociales-santa-fe\/","title":{"rendered":"El Concejo aprob\u00f3 un proyecto para regular e incentivar las \u00abheladeras sociales\u00bb en Santa Fe"},"content":{"rendered":"<p>En el mismo se solicita al Ejecutivo que convoque a diferentes organizaciones no gubernamentales a inscribirse en un listado de adherentes a esta iniciativa social.Compartir<\/p>\n<p>En la octava Sesi\u00f3n Ordinaria del Primer Per\u00edodo, los concejales aprobaron un Proyecto de Resoluci\u00f3n elevado al recinto por el edil Sergio Basile (FPCyS-UCR), donde se pide al Municipio que convoque a instituciones p\u00fablicas o privadas, organizaciones no gubernamentales, clubes y comercios, entre otros, a los fines de inscribirse en un listado de adherentes a la iniciativa denominada \u201cHeladera Social\u201d.<\/p>\n<p>De esta manera, el Municipio crear\u00e1 un registro \u00fanico de instituciones adherentes, y tendr\u00e1 la facultad de generar convenios con comercios y afines con el objetivo de abastecer a los registrados.<\/p>\n<p>Al respecto, Basile destac\u00f3 que la iniciativa tiene como fin \u201cestablecer una mecanismo donde las personas que no tengan, en el marco de la vulnerabilidad social, un plato de comida, puedan verse ayudados por aquellos que puedan aportar, y exista ese sentido de solidaridad\u201d.<\/p>\n<p>\u201cEn este marco, obviamente que es fundamental que el municipio controle y supervise los alimentos y la sanidad alimentaria\u201d, expres\u00f3.<\/p>\n<p>&nbsp;<\/p>\n<p>Vale resaltar que la iniciativa contempla que las instituciones registradas puedan acceder mediante convenios con el Gobierno de la Ciudad, a cursos de capacitaci\u00f3n, actividades de concientizaci\u00f3n, promoci\u00f3n de buenas pr\u00e1cticas de manufactura, cuidado de la higiene y aspectos sanitarios en el proceso de elaboraci\u00f3n, manipulaci\u00f3n y consumo de alimentos.<\/p>\n<p>Para finalizar, Basile explic\u00f3 que adem\u00e1s \u201cse dispondr\u00e1 la l\u00ednea gratuita del Gobierno de la Ciudad, 0-800-777-5000, para informarse sobre las instituciones registradas, realizar denuncias o reclamos\u201d.<\/p>\n<h6>Fuente: Uno, Santa Fe<\/h6>\n","protected":false},"excerpt":{"rendered":"<p>En el mismo se solicita al Ejecutivo que convoque a diferentes organizaciones no gubernamentales a inscribirse en un listado de adherentes a esta iniciativa social.<\/p>\n","protected":false},"author":2,"featured_media":48269,"comment_status":"closed","ping_status":"closed","sticky":false,"template":"","format":"standard","meta":{"footnotes":""},"categories":[2],"tags":[10],"class_list":["post-48268","post","type-post","status-publish","format-standard","has-post-thumbnail","hentry","category-informe-municipal","tag-santa-fe"],"_links":{"self":[{"href":"http:\/\/argentinamunicipal.com.ar\/argentina\/wp-json\/wp\/v2\/posts\/48268","targetHints":{"allow":["GET"]}}],"collection":[{"href":"http:\/\/argentinamunicipal.com.ar\/argentina\/wp-json\/wp\/v2\/posts"}],"about":[{"href":"http:\/\/argentinamunicipal.com.ar\/argentina\/wp-json\/wp\/v2\/types\/post"}],"author":[{"embeddable":true,"href":"http:\/\/argentinamunicipal.com.ar\/argentina\/wp-json\/wp\/v2\/users\/2"}],"replies":[{"embeddable":true,"href":"http:\/\/argentinamunicipal.com.ar\/argentina\/wp-json\/wp\/v2\/comments?post=48268"}],"version-history":[{"count":0,"href":"http:\/\/argentinamunicipal.com.ar\/argentina\/wp-json\/wp\/v2\/posts\/48268\/revisions"}],"wp:featuredmedia":[{"embeddable":true,"href":"http:\/\/argentinamunicipal.com.ar\/argentina\/wp-json\/wp\/v2\/media\/48269"}],"wp:attachment":[{"href":"http:\/\/argentinamunicipal.com.ar\/argentina\/wp-json\/wp\/v2\/media?parent=48268"}],"wp:term":[{"taxonomy":"category","embeddable":true,"href":"http:\/\/argentinamunicipal.com.ar\/argentina\/wp-json\/wp\/v2\/categories?post=48268"},{"taxonomy":"post_tag","embeddable":true,"href":"http:\/\/argentinamunicipal.com.ar\/argentina\/wp-json\/wp\/v2\/tags?post=48268"}],"curies":[{"name":"wp","href":"https:\/\/api.w.org\/{rel}","templated":true}]}}