{"id":48320,"date":"2016-05-15T18:45:25","date_gmt":"2016-05-15T21:45:25","guid":{"rendered":"http:\/\/argentinamunicipal.com.ar\/argentina\/?p=48320"},"modified":"2016-05-15T18:45:25","modified_gmt":"2016-05-15T21:45:25","slug":"colonia-belgrano-pueblo-se-convirtio-novedad-singular-programa","status":"publish","type":"post","link":"http:\/\/argentinamunicipal.com.ar\/argentina\/colonia-belgrano-pueblo-se-convirtio-novedad-singular-programa\/","title":{"rendered":"Colonia Belgrano, el pueblo que se convirti\u00f3 en novedad"},"content":{"rendered":"<p>Un cartel caminero sobre la ruta provincial 64 indica el l\u00edmite del distrito que enmarca por estos d\u00edas una febril tarea para reparar caminos de tierra que permitan levantar la cosecha de soja y trasladar la producci\u00f3n lechera. Unos kil\u00f3metros m\u00e1s adelante se encuentra la planta urbana de Colonia Belgrano, un prolijo damero de ocho manzanas por lado, en el coraz\u00f3n de la bota santafesina, que se convirti\u00f3 en noticia nacional por haber sido seleccionado para desarrollar un proyecto que impulsa el arraigo de familias j\u00f3venes provenientes de grandes urbes. El novedoso desaf\u00edo \u00abBienvenidos a mi pueblo\u00bb es concretar la ruptura de la hist\u00f3rica corriente migratoria de j\u00f3venes hacia las grandes ciudades de la mano de las fundaciones Es Vicis, Vivienda Digna, Responde y Contribuir, organizaciones que promueven el desarrollo humano.<\/p>\n<p>Tras transitar desde la ruta poco m\u00e1s de un kil\u00f3metro hacia el sur se ingresa a un bulevar de tres cuadras que conecta con los que rodean a la plaza central. En una de las esquinas, en San Juan y San Mart\u00edn, est\u00e1 el edificio comunal donde la ma\u00f1ana del viernes, cuando un cronista de este diario visit\u00f3 la localidad, se viv\u00eda una jornada intensa para satisfacer los requerimientos de ciudadanos interesados en el programa.<\/p>\n<p>\u00abEs incre\u00edble\u00bb, desliz\u00f3 la empleada que tras un escritorio se abocaba a la \u00fanica tarea de atender el tel\u00e9fono, dialogar con sus interlocutores y remitirlos a la p\u00e1gina web del proyecto: www.bienvenidosamipueblo.org, donde se puede ver m\u00e1s informaci\u00f3n y la planilla de inscripci\u00f3n. El intento de dialogar con sus compa\u00f1eros de trabajo se ve\u00eda interrumpido por un nuevo llamado telef\u00f3nico.<\/p>\n<h3>Cambio de paradigma<\/h3>\n<p>\u00abLa repercusi\u00f3n que tuvo el proyecto nos demuestra que hay un cambio de paradigma en la sociedad. Antes era impensado creer que alguien que viv\u00eda en una ciudad iba a querer mudarse a un pueblo, sino todo lo contrario. Y refleja que, tal como lo enunciamos en la fundamentaci\u00f3n de la idea, existen muchos ciudadanos con potencial sin acceso al crecimiento\u00bb, coment\u00f3 la coordinadora y comunicadora del proyecto en Argentina, Agustina Valverde, quien particip\u00f3 de la reuni\u00f3n informativa que se realiz\u00f3 el jueves en la capital santafesina.<\/p>\n<p>El presidente comunal, Javier Bosio, precis\u00f3 que \u00abdebido al rotundo \u00e9xito de la convocatoria las entidades que impulsan el proyecto decidieron circunscribirlo a familias de las ciudades de Santa Fe y Rosario\u00bb, y atribuy\u00f3 el fen\u00f3meno a la necesidad real de las familias para desarrollar sus potencialidades y, en parte, a un inconveniente en la transmisi\u00f3n de la informaci\u00f3n. \u00abMuchos pensaron que regalar\u00edamos los terrenos, quiz\u00e1s porque se inform\u00f3 o se transmiti\u00f3 mal, pero no es as\u00ed. No regalaremos nada. Si brindaremos las posibilidades concretas para el asentamiento en viviendas definitivas y concreci\u00f3n de los proyectos seleccionados con cr\u00e9ditos especiales y realizaremos el acompa\u00f1amiento necesario para cada caso\u00bb, explic\u00f3.<\/p>\n\n\t\t<style type=\"text\/css\">\n\t\t\t#gallery-1 {\n\t\t\t\tmargin: auto;\n\t\t\t}\n\t\t\t#gallery-1 .gallery-item {\n\t\t\t\tfloat: left;\n\t\t\t\tmargin-top: 10px;\n\t\t\t\ttext-align: center;\n\t\t\t\twidth: 33%;\n\t\t\t}\n\t\t\t#gallery-1 img {\n\t\t\t\tborder: 2px solid #cfcfcf;\n\t\t\t}\n\t\t\t#gallery-1 .gallery-caption {\n\t\t\t\tmargin-left: 0;\n\t\t\t}\n\t\t\t\/* see gallery_shortcode() in wp-includes\/media.php *\/\n\t\t<\/style>\n\t\t<div id='gallery-1' class='gallery galleryid-48320 gallery-columns-3 gallery-size-thumbnail'><dl class='gallery-item'>\n\t\t\t<dt class='gallery-icon landscape'>\n\t\t\t\t<a href='http:\/\/argentinamunicipal.com.ar\/argentina\/colonia-belgrano-pueblo-se-convirtio-novedad-singular-programa\/67573_be\/'><img loading=\"lazy\" decoding=\"async\" width=\"150\" height=\"150\" src=\"http:\/\/argentinamunicipal.com.ar\/argentina\/wp-content\/uploads\/2016\/05\/67573_be-150x150.jpg\" class=\"attachment-thumbnail size-thumbnail\" alt=\"\" aria-describedby=\"gallery-1-48321\" \/><\/a>\n\t\t\t<\/dt>\n\t\t\t\t<dd class='wp-caption-text gallery-caption' id='gallery-1-48321'>\n\t\t\t\tPrimer templo evang\u00e9lico valdense de Sudam\u00e9rica\n\t\t\t\t<\/dd><\/dl><dl class='gallery-item'>\n\t\t\t<dt class='gallery-icon landscape'>\n\t\t\t\t<a href='http:\/\/argentinamunicipal.com.ar\/argentina\/colonia-belgrano-pueblo-se-convirtio-novedad-singular-programa\/colonia-belgrano-busca-familias-jovenes-y-emprendedoras-custom-860x450_c\/'><img loading=\"lazy\" decoding=\"async\" width=\"150\" height=\"150\" src=\"http:\/\/argentinamunicipal.com.ar\/argentina\/wp-content\/uploads\/2016\/05\/Colonia-Belgrano-busca-familias-jo\u0301venes-y-emprendedoras-Custom-860x450_c-150x150.jpg\" class=\"attachment-thumbnail size-thumbnail\" alt=\"\" aria-describedby=\"gallery-1-48322\" \/><\/a>\n\t\t\t<\/dt>\n\t\t\t\t<dd class='wp-caption-text gallery-caption' id='gallery-1-48322'>\n\t\t\t\tBoulevard de ingreso al Pueblo\n\t\t\t\t<\/dd><\/dl><dl class='gallery-item'>\n\t\t\t<dt class='gallery-icon landscape'>\n\t\t\t\t<a href='http:\/\/argentinamunicipal.com.ar\/argentina\/colonia-belgrano-pueblo-se-convirtio-novedad-singular-programa\/colonia-belgrano\/'><img loading=\"lazy\" decoding=\"async\" width=\"150\" height=\"150\" src=\"http:\/\/argentinamunicipal.com.ar\/argentina\/wp-content\/uploads\/2016\/05\/colonia-belgrano-150x150.jpg\" class=\"attachment-thumbnail size-thumbnail\" alt=\"\" aria-describedby=\"gallery-1-48323\" \/><\/a>\n\t\t\t<\/dt>\n\t\t\t\t<dd class='wp-caption-text gallery-caption' id='gallery-1-48323'>\n\t\t\t\tPlaza\n\t\t\t\t<\/dd><\/dl><br style=\"clear: both\" \/><dl class='gallery-item'>\n\t\t\t<dt class='gallery-icon landscape'>\n\t\t\t\t<a href='http:\/\/argentinamunicipal.com.ar\/argentina\/colonia-belgrano-pueblo-se-convirtio-novedad-singular-programa\/colonia\/'><img loading=\"lazy\" decoding=\"async\" width=\"150\" height=\"150\" src=\"http:\/\/argentinamunicipal.com.ar\/argentina\/wp-content\/uploads\/2016\/05\/colonia-150x150.jpg\" class=\"attachment-thumbnail size-thumbnail\" alt=\"\" \/><\/a>\n\t\t\t<\/dt><\/dl><dl class='gallery-item'>\n\t\t\t<dt class='gallery-icon landscape'>\n\t\t\t\t<a href='http:\/\/argentinamunicipal.com.ar\/argentina\/colonia-belgrano-pueblo-se-convirtio-novedad-singular-programa\/pueblo-santa-fe\/'><img loading=\"lazy\" decoding=\"async\" width=\"150\" height=\"150\" src=\"http:\/\/argentinamunicipal.com.ar\/argentina\/wp-content\/uploads\/2016\/05\/pueblo-santa-fe-150x150.jpg\" class=\"attachment-thumbnail size-thumbnail\" alt=\"\" aria-describedby=\"gallery-1-48325\" \/><\/a>\n\t\t\t<\/dt>\n\t\t\t\t<dd class='wp-caption-text gallery-caption' id='gallery-1-48325'>\n\t\t\t\tPlaza\n\t\t\t\t<\/dd><\/dl>\n\t\t\t<br style='clear: both' \/>\n\t\t<\/div>\n\n<p>\u00abEste proyecto involucra la participaci\u00f3n de muchos sectores de la sociedad, por eso ni un solo gobierno ni una sola instituci\u00f3n podr\u00eda lograrlo de manera aislada\u00bb, afirm\u00f3 Cintia Jaime, de la fundaci\u00f3n suiza Es Vicis. \u00abHaremos un trabajo conjunto que involucra el mapeo del pueblo, la formaci\u00f3n de los emprendedores que se integrar\u00e1n a la comunidad de Colonia Belgrano y la construcci\u00f3n de viviendas definitivas para que se asienten con sus familias\u00bb, abund\u00f3.<\/p>\n<p>Por su parte, Alejandro Besuschio, director ejecutivo de Vivienda Digna, detall\u00f3 que \u00abtrabajaremos en la urbanizaci\u00f3n, construcci\u00f3n de viviendas y provisi\u00f3n de servicios, sobre la base del trabajo comunitario\u00bb.<\/p>\n<p>Sobre el tema, Marcela Ben\u00edtez, de la ONG Responde, agreg\u00f3 que entre las etapas previas al proyecto se \u00abhar\u00e1 un mapeo de diagn\u00f3stico de sustentabilidad para descubrir el perfil econ\u00f3mico y social del pueblo y su potencial de desarrollo\u00bb. Adem\u00e1s, Juan Siccardi, de la organizaci\u00f3n Contribuir expuso que su objetivo es el \u00abdesarrollo local potenciando emprendedores. Los acompa\u00f1aremos durante un a\u00f1o y medio\u00bb.<\/p>\n<h3>Pintoresca<\/h3>\n<p>Colonia Belgrano es una peque\u00f1a y pintoresca poblaci\u00f3n de poco m\u00e1s de 1.300 habitantes, que dista 180 kil\u00f3metros de Rosario y 170 de la capital provincial, fundado el 8 de marzo de 1883 por Froil\u00e1n Ortiz . Actualmente sus calles presentan inconvenientes relacionados con el largo temporal que afect\u00f3 a la regi\u00f3n, pero tradicionalmente el pueblo est\u00e1 muy cuidado, los espacios verdes arreglados y floridos, al igual que las fachadas de sus viviendas.<\/p>\n<p>\u00abEl aluvi\u00f3n de consultas lleg\u00f3 en mal momento\u00bb grafica Bosio. Estamos muy ocupados atendiendo los 200 kil\u00f3metros de caminos rurales que tiene el distrito para sacar la leche y la cosecha hacia la ruta\u00bb, explic\u00f3 Bosio y a\u00f1adi\u00f3 que cuando esas tareas terminen \u00abnos ocuparemos de mejorar las calles, los espacios verdes y la atenci\u00f3n general del pueblo\u00bb.<\/p>\n<p>Mientras el tel\u00e9fono no para de sonar en el sal\u00f3n de atenci\u00f3n al p\u00fablico de la comuna, en su oficina el presidente divide su tiempo entre impartir directivas y atender consultas period\u00edsticas. Por la ventana se ve que los empleados comunales se alistan a terminar la jornada y los vecinos vuelven\u00a0a sus hogares. Luego, vendr\u00e1 la siesta que deja las calles vac\u00edas. M\u00e1s tarde llegar\u00e1n los ni\u00f1os que apuran el paso hacia la escuela primaria, ubicada frente a la plaza, donde tambi\u00e9n se ubican la comisar\u00eda, el correo, el juzgado de paz y la biblioteca popular.<\/p>\n<p>En una de las calles laterales una mujer lucha contra la alfombra amarilla que los fresnos tendieron en la vereda. Es Raquel que, como adivinando el objetivo, se apoya en la escoba y reacciona emocionada antes de que terminen de preguntarle: \u00abMe encanta la idea. Estoy totalmente de acuerdo. No soy de ac\u00e1. Vine al pueblo cuando me cas\u00e9 hace 37 a\u00f1os y la gente me recibi\u00f3 con una cordialidad incre\u00edble. Estoy agradecida porque voy a tener la posiblidad de retribuirlo\u00bb.<\/p>\n<p>Como todos los vecinos consultados, la \u00fanica preocupaci\u00f3n de Raquel es que quienes lleguen no se adapten o alteren de alg\u00fan modo el apacible modo de vivir de la comunidad. \u00abSin embargo, no creo que eso pase porque buscan gente con ideales de trabajo y progreso y ese ser\u00e1 un factor com\u00fan con los belgranenses\u00bb, remarc\u00f3, y agreg\u00f3 que \u00abcada vez que necesitamos un plomero o un gasista tenemos que recurrir a los pueblos vecinos\u00bb.<\/p>\n<h3>Tuercas<\/h3>\n<p>Adem\u00e1s del perfil agropecuario de la localidad, la comunidad cuenta con una prol\u00edfica historia de emprendimientos metalmec\u00e1nicos, cuyo desarrollo sorprendi\u00f3 siempre a la regi\u00f3n. En relaci\u00f3n a la cantidad de habitantes, hist\u00f3ricamente hubo un buen n\u00famero de industrias que hicieron que los niveles de desocupaci\u00f3n fueran siempre insignificantes. Funciona una f\u00e1brica de quesos gruyere de reconocimiento internacional, una de m\u00e1quinas para la construcci\u00f3n, de repuestos para automotores, de perforadoras de banco y compresores de aire y otra de implementos agr\u00edcolas.<\/p>\n<p>El pueblo alberga cuatro escuelas primarias \u2014dos de ellas rurales\u2014, una secundaria, un hogar de ancianos gestionado por una comisi\u00f3n interinstitucional, una biblioteca popular, un club social y deportivo y dos iglesias, la Cat\u00f3lica Apost\u00f3lica Romana y la Apost\u00f3lica Valdense, cuyos fieles construyeron all\u00ed el primer templo de ese culto en Sudam\u00e9rica. La vida de ambas feligres\u00edas es motivo de admiraci\u00f3n para quienes visitan la localidad. Comparten actividades, cruzan invitaciones a sus ceremonias y apoyo para sus centros religiosos.<\/p>\n<p>En la localidad se celebra anualmente la Fiesta Provincial del Bricelet, llamado tambi\u00e9n brislet, una masita dulce de origen suizo. Esta fiesta re\u00fane aproximadamente a unas tres mil personas cada a\u00f1o y en ella se ofrecen comidas t\u00edpicas de las distintas colectividades que habitan en la regi\u00f3n, principalmente suizos, alemanes e italianos.<\/p>\n<p>Autoridad en este tema es Eladio Bonin, propietario de la f\u00e1brica que distribuye bricelet a toda la regi\u00f3n y nativo de Colonia Belgrano. El tambi\u00e9n conf\u00eda en que el desarrollo de \u00abBienvenidos a mi pueblo\u00bb puede alentar el crecimiento de la localidad. Frente a la puerta de su local cont\u00f3 a La\u2002Capital que concurri\u00f3 a la reuni\u00f3n que se hizo hace dos meses para informar a los habitantes. \u00abQued\u00e9 muy conforme. Creo que la mayor\u00eda coincide en que el tema se encar\u00f3 con mucha seriedad y, con el paso de los a\u00f1os, esto puede impulsar el progreso de nuestro pueblo, principalmente porque m\u00e1s j\u00f3venes se quedar\u00e1n aqu\u00ed a desarrollar sus proyectos\u00bb.<\/p>\n<p>En otro punto de la planta urbana, Eduardo Mosso, un vecino empleado de la Cooperativa El\u00e9ctrica y el \u00fanico fabricante de las planchas de fundici\u00f3n de aluminio para cocinar el bricelet, refuerza la teor\u00eda: \u00abAc\u00e1 somos pocos pero tenemos caracter\u00edsticas de apertura y cordialidad que heredamos de nuestros antepasados. Confiamos en nuestras autoridades y en quienes impulsan el proyecto. Nos gusta la idea de tener nuevos vecinos y que podremos salir adelante entre todos\u00bb, sintetiz\u00f3.<\/p>\n<h3>Las consultas<\/h3>\n<p>Hasta el viernes, hubo m\u00e1s de mil consultas que llegaron a trav\u00e9s de redes sociales, email o tel\u00e9fono para recibir detalles de la implementaci\u00f3n del programa. \u00abEl perfil de quienes llaman desde las grandes ciudades est\u00e1 relacionado con familias que quieren alejarse de la inseguridad\u00bb, detall\u00f3 Bosio y agreg\u00f3 que \u00abincluso hubo quienes aseguraron tener disponibilidad para invertir en sus proyectos. Los seduce la idea de vivir en una localidad que le brinda toda la contenci\u00f3n en un marco de tranquilidad absoluta\u00bb.<\/p>\n<p>Como ejemplo, el jefe comunal cont\u00f3 que atendi\u00f3 personalmente el caso de una familia de Rosario que se interes\u00f3 en el proyecto. \u00abTienen un taller textil dedicado exclusivamente a confeccionar ropa deportiva. Trabaja toda la familia pero no pueden expandirse porque les resulta dif\u00edcil tomar empleados cuando ya atravezaron varias situaciones de inseguridad\u00bb.<\/p>\n<h6>Fuente: La Capital de Rosario<\/h6>\n","protected":false},"excerpt":{"rendered":"<p>La prolijidad, el empuje productivo y la fuerte vida institucional hacen de esta localidad santafesina de 1.300 vecinos un sitio atractivo.<\/p>\n","protected":false},"author":1,"featured_media":48323,"comment_status":"closed","ping_status":"closed","sticky":false,"template":"","format":"standard","meta":{"footnotes":""},"categories":[2],"tags":[10],"class_list":["post-48320","post","type-post","status-publish","format-standard","has-post-thumbnail","hentry","category-informe-municipal","tag-santa-fe"],"_links":{"self":[{"href":"http:\/\/argentinamunicipal.com.ar\/argentina\/wp-json\/wp\/v2\/posts\/48320","targetHints":{"allow":["GET"]}}],"collection":[{"href":"http:\/\/argentinamunicipal.com.ar\/argentina\/wp-json\/wp\/v2\/posts"}],"about":[{"href":"http:\/\/argentinamunicipal.com.ar\/argentina\/wp-json\/wp\/v2\/types\/post"}],"author":[{"embeddable":true,"href":"http:\/\/argentinamunicipal.com.ar\/argentina\/wp-json\/wp\/v2\/users\/1"}],"replies":[{"embeddable":true,"href":"http:\/\/argentinamunicipal.com.ar\/argentina\/wp-json\/wp\/v2\/comments?post=48320"}],"version-history":[{"count":0,"href":"http:\/\/argentinamunicipal.com.ar\/argentina\/wp-json\/wp\/v2\/posts\/48320\/revisions"}],"wp:featuredmedia":[{"embeddable":true,"href":"http:\/\/argentinamunicipal.com.ar\/argentina\/wp-json\/wp\/v2\/media\/48323"}],"wp:attachment":[{"href":"http:\/\/argentinamunicipal.com.ar\/argentina\/wp-json\/wp\/v2\/media?parent=48320"}],"wp:term":[{"taxonomy":"category","embeddable":true,"href":"http:\/\/argentinamunicipal.com.ar\/argentina\/wp-json\/wp\/v2\/categories?post=48320"},{"taxonomy":"post_tag","embeddable":true,"href":"http:\/\/argentinamunicipal.com.ar\/argentina\/wp-json\/wp\/v2\/tags?post=48320"}],"curies":[{"name":"wp","href":"https:\/\/api.w.org\/{rel}","templated":true}]}}