{"id":4837,"date":"2014-03-25T09:18:18","date_gmt":"2014-03-25T12:18:18","guid":{"rendered":"http:\/\/argentinamunicipal.com.ar\/argentina\/?p=4837"},"modified":"2014-03-25T09:18:18","modified_gmt":"2014-03-25T12:18:18","slug":"intendentes-saltenos-debaten-sobre-ley-organica-de-municipios","status":"publish","type":"post","link":"http:\/\/argentinamunicipal.com.ar\/argentina\/intendentes-saltenos-debaten-sobre-ley-organica-de-municipios\/","title":{"rendered":"Intendentes Salte\u00f1os debaten sobre ley org\u00e1nica de municipios"},"content":{"rendered":"<p><a href=\"http:\/\/argentinamunicipal.com.ar\/argentina\/wp-content\/uploads\/2014\/03\/384039_620.jpg\"><img loading=\"lazy\" decoding=\"async\" class=\"aligncenter size-full wp-image-4838\" alt=\"384039_620\" src=\"http:\/\/argentinamunicipal.com.ar\/argentina\/wp-content\/uploads\/2014\/03\/384039_620.jpg\" width=\"620\" height=\"465\" srcset=\"http:\/\/argentinamunicipal.com.ar\/argentina\/wp-content\/uploads\/2014\/03\/384039_620.jpg 620w, http:\/\/argentinamunicipal.com.ar\/argentina\/wp-content\/uploads\/2014\/03\/384039_620-300x225.jpg 300w\" sizes=\"auto, (max-width: 620px) 100vw, 620px\" \/><\/a><br \/>\nIntendentes del sur salte\u00f1o debatieron y consensuaron aspectos de la reforma de la Ley de Municipalidades.<\/p>\n<p>Los jefes comunales resaltaron la importancia y la necesidad de llevar adelante la reforma de la ley que regula a los municipios que no tienen Carta Org\u00e1nica buscamos fortalecer la autonom\u00eda municipal y todo lo que tienen que ver con la descentralizaci\u00f3n.<\/p>\n<p>El debate tuvo lugar a mediados de la semana pasada en la Municipalidad de La Candelaria donde los intendentes presentes destacaron la importancia de poseer una carta org\u00e1nica municipal que les otorgue autonom\u00eda institucional, pol\u00edtica y econ\u00f3mica para no ser meros administradores financieros.<\/p>\n<p>Del encuentro participaron, adem\u00e1s del anfitri\u00f3n, el intendente de La Candelaria, Julio Marcelo Romano, los intendentes de El Potrero, Carlos Mur Reynaga, El Jard\u00edn, Raimundo Sanz, el secretario de Gobierno, N\u00e9stor Ruiz de los Llanos, de Planificaci\u00f3n Urbana, Adriana Krumplohz, el diputado Sanguino y concejales de los distintos municipios de la regi\u00f3n.<\/p>\n<p>En tal sentido, Ruiz de los Llanos manifest\u00f3 que con estos espacios de debate se buscar conocer la opini\u00f3n de las autoridades y legisladores locales para poder adecuar la normativa que rige la vida institucional de las comunas.<\/p>\n<p>\u201cNuestra constituci\u00f3n determina que se debe definir una Ley municipal que se adecue a las \u00faltimas reformas constitucionales. Hay que hacer una nueva ley con las realidades de estos municipios que se rigen por esta normativa, abriendo canales de participaci\u00f3n a instituciones intermedias en la toma de decisi\u00f3n local\u201d, subray\u00f3 el funcionario provincial.<\/p>\n<p>Por su parte, el intendente de La Candelaria, Julio Romano, expres\u00f3 a El Tribuno que \u201ces importante reformar algunas puntos y estar a la altura de las circunstancias. Vimos el rol de los concejales, el mecanismo de control sobre el ejecutivo y nos sirve para hacer transparente nuestra gesti\u00f3n, y en ese sentido estoy muy conforme con la reuni\u00f3n porque se pudo debatir en consecuencia\u201d.<\/p>\n<p>Sobre el rol ciudadano, Romano se\u00f1al\u00f3 que \u201cla participaci\u00f3n ciudadana ser\u00e1 muy significativa, porque el vecino, y en especial las instituciones, podr\u00e1n dar sus opiniones sobre las implicancias que la vida cotidiana tiene dentro del municipio\u201d.<\/p>\n<p>En esa l\u00ednea indic\u00f3: \u201cyo siempre digo que ser ciudadano no es solamente ir a votar y cumplir con su deber c\u00edvico, sino tambi\u00e9n colaborar para que un gobierno pueda ser transparente y tambi\u00e9n acompa\u00f1ar a una gesti\u00f3n de gobierno y controlarla\u201d.<\/p>\n<p>La creaci\u00f3n de la figura de un viceintendente, la duraci\u00f3n de 4 a\u00f1os del cargo de concejal, la autonom\u00eda ejecutiva y legislativa municipal, mayor responsabilidad social empresaria fueron algunos de los temas sobre los que los intendentes, concejales y funcionarios municipales debatieron durante la jornada.<\/p>\n<h6>Fuente: El Tribuno, Salta<\/h6>\n","protected":false},"excerpt":{"rendered":"<p>Intendentes del sur salte\u00f1o debatieron y consensuaron aspectos de la reforma de la Ley de Municipalidades. Los jefes comunales resaltaron la importancia y la necesidad de llevar adelante la reforma de la ley que regula a los municipios que no tienen Carta Org\u00e1nica buscamos fortalecer la autonom\u00eda municipal y todo lo que tienen que ver<\/p>\n","protected":false},"author":2,"featured_media":4838,"comment_status":"closed","ping_status":"closed","sticky":false,"template":"","format":"standard","meta":{"footnotes":""},"categories":[2],"tags":[9],"class_list":["post-4837","post","type-post","status-publish","format-standard","has-post-thumbnail","hentry","category-informe-municipal","tag-salta"],"_links":{"self":[{"href":"http:\/\/argentinamunicipal.com.ar\/argentina\/wp-json\/wp\/v2\/posts\/4837","targetHints":{"allow":["GET"]}}],"collection":[{"href":"http:\/\/argentinamunicipal.com.ar\/argentina\/wp-json\/wp\/v2\/posts"}],"about":[{"href":"http:\/\/argentinamunicipal.com.ar\/argentina\/wp-json\/wp\/v2\/types\/post"}],"author":[{"embeddable":true,"href":"http:\/\/argentinamunicipal.com.ar\/argentina\/wp-json\/wp\/v2\/users\/2"}],"replies":[{"embeddable":true,"href":"http:\/\/argentinamunicipal.com.ar\/argentina\/wp-json\/wp\/v2\/comments?post=4837"}],"version-history":[{"count":0,"href":"http:\/\/argentinamunicipal.com.ar\/argentina\/wp-json\/wp\/v2\/posts\/4837\/revisions"}],"wp:featuredmedia":[{"embeddable":true,"href":"http:\/\/argentinamunicipal.com.ar\/argentina\/wp-json\/wp\/v2\/media\/4838"}],"wp:attachment":[{"href":"http:\/\/argentinamunicipal.com.ar\/argentina\/wp-json\/wp\/v2\/media?parent=4837"}],"wp:term":[{"taxonomy":"category","embeddable":true,"href":"http:\/\/argentinamunicipal.com.ar\/argentina\/wp-json\/wp\/v2\/categories?post=4837"},{"taxonomy":"post_tag","embeddable":true,"href":"http:\/\/argentinamunicipal.com.ar\/argentina\/wp-json\/wp\/v2\/tags?post=4837"}],"curies":[{"name":"wp","href":"https:\/\/api.w.org\/{rel}","templated":true}]}}