{"id":48389,"date":"2016-05-17T06:23:06","date_gmt":"2016-05-17T09:23:06","guid":{"rendered":"http:\/\/argentinamunicipal.com.ar\/argentina\/?p=48389"},"modified":"2016-05-17T06:23:06","modified_gmt":"2016-05-17T09:23:06","slug":"frigerio-se-reunio-intendentes-pidio-una-fam-represente-todos","status":"publish","type":"post","link":"http:\/\/argentinamunicipal.com.ar\/argentina\/frigerio-se-reunio-intendentes-pidio-una-fam-represente-todos\/","title":{"rendered":"Frigerio se reuni\u00f3 con intendentes y pidi\u00f3 \u201cuna FAM que represente a todos\u201d"},"content":{"rendered":"<p>El ministro del Interior Rogelio Frigerio recibi\u00f3 hoy a un grupo de intendentes de la Federaci\u00f3n Argentina de Municipios (FAM) con el objetivo de \u201cconstruir una instituci\u00f3n que represente a todos\u201d los jefes comunales y \u201cgenerar mecanismos para aceitar la soluci\u00f3n de problemas\u201d.<\/p>\n<p>\u201cCreo que tenemos que darnos todos la chance de construir una instituci\u00f3n que represente a todos y que pueda generar mayor flexibilidad y facilidad para la soluci\u00f3n de problemas porque tenemos m\u00e1s de 2.000 municipios y hay un solo Gobierno Nacional. En consecuencia, a veces tener un instrumento que aceite, que facilite la soluci\u00f3n de problemas es importante y yo siento que eso todav\u00eda en la Argentina no existe\u201d, remarc\u00f3 Frigerio ante los intendentes en el Sal\u00f3n Azul de Casa Rosada.<\/p>\n<p>Acompa\u00f1aron al funcionario, el secretario de Interior, Sebasti\u00e1n Garc\u00eda De Luca; su par de Asuntos Municipales, A\u00edda Ayala; el subsecretario de Gesti\u00f3n Municipal, Lucas Delfino; y el subsecretario de Relaciones con las Provincias, Paulino Caballero.<\/p>\n<p>\u201cPara nosotros los problemas no tienen ni bandera ni camiseta pol\u00edtica. Los problemas son de todos los argentinos y cuando falta una cloaca, cuando un argentino no tiene agua potable, cuando hay una ruta que no est\u00e1 asfaltada y se mueren nuestros compatriotas, esos problemas no son de determinado partido pol\u00edtico. A partir de la orden del presidente Mauricio Macri trabajar sin ning\u00fan condicionamiento\u201d, recalc\u00f3 Frigerio.<\/p>\n<p>Record\u00f3 que este esquema de reuniones arroj\u00f3 resultados muy positivos, como por ejemplo, cuando los jefes comunales de las ciudades plantearon la necesidad de mejorar el sistema p\u00fablico de transporte de pasajeros.<\/p>\n<p>\u201cEl presidente tom\u00f3 nota de esa problem\u00e1tica y en otra reuni\u00f3n que tuvimos hace un par de semanas anunci\u00f3 un subsidio muy importante para las ciudades del interior del pa\u00eds de 15.000 millones de pesos. De hecho, le sacamos subsidios al \u00e1rea metropolitana para d\u00e1rselo, en parte, al interior del pa\u00eds con la idea de priorizar el transporte a lo largo y ancho de nuestro territorio\u201d, cerr\u00f3 el ministro.<\/p>\n<h6>Fuente: InfoCielo<\/h6>\n","protected":false},"excerpt":{"rendered":"<p>El ministro del Interior Rogelio Frigerio recibi\u00f3 hoy a un grupo de intendentes de la Federaci\u00f3n Argentina de Municipios (FAM) con el objetivo de \u201cconstruir una instituci\u00f3n que represente a todos\u201d los jefes comunales<\/p>\n","protected":false},"author":2,"featured_media":48390,"comment_status":"closed","ping_status":"closed","sticky":false,"template":"","format":"standard","meta":{"footnotes":""},"categories":[4],"tags":[12],"class_list":["post-48389","post","type-post","status-publish","format-standard","has-post-thumbnail","hentry","category-informe-politico","tag-buenos-aires"],"_links":{"self":[{"href":"http:\/\/argentinamunicipal.com.ar\/argentina\/wp-json\/wp\/v2\/posts\/48389","targetHints":{"allow":["GET"]}}],"collection":[{"href":"http:\/\/argentinamunicipal.com.ar\/argentina\/wp-json\/wp\/v2\/posts"}],"about":[{"href":"http:\/\/argentinamunicipal.com.ar\/argentina\/wp-json\/wp\/v2\/types\/post"}],"author":[{"embeddable":true,"href":"http:\/\/argentinamunicipal.com.ar\/argentina\/wp-json\/wp\/v2\/users\/2"}],"replies":[{"embeddable":true,"href":"http:\/\/argentinamunicipal.com.ar\/argentina\/wp-json\/wp\/v2\/comments?post=48389"}],"version-history":[{"count":0,"href":"http:\/\/argentinamunicipal.com.ar\/argentina\/wp-json\/wp\/v2\/posts\/48389\/revisions"}],"wp:featuredmedia":[{"embeddable":true,"href":"http:\/\/argentinamunicipal.com.ar\/argentina\/wp-json\/wp\/v2\/media\/48390"}],"wp:attachment":[{"href":"http:\/\/argentinamunicipal.com.ar\/argentina\/wp-json\/wp\/v2\/media?parent=48389"}],"wp:term":[{"taxonomy":"category","embeddable":true,"href":"http:\/\/argentinamunicipal.com.ar\/argentina\/wp-json\/wp\/v2\/categories?post=48389"},{"taxonomy":"post_tag","embeddable":true,"href":"http:\/\/argentinamunicipal.com.ar\/argentina\/wp-json\/wp\/v2\/tags?post=48389"}],"curies":[{"name":"wp","href":"https:\/\/api.w.org\/{rel}","templated":true}]}}