{"id":48395,"date":"2016-05-17T06:42:04","date_gmt":"2016-05-17T09:42:04","guid":{"rendered":"http:\/\/argentinamunicipal.com.ar\/argentina\/?p=48395"},"modified":"2016-05-17T06:42:04","modified_gmt":"2016-05-17T09:42:04","slug":"especialistas-14-paises-debaten-humedales-santa-fe","status":"publish","type":"post","link":"http:\/\/argentinamunicipal.com.ar\/argentina\/especialistas-14-paises-debaten-humedales-santa-fe\/","title":{"rendered":"Especialistas de 14 pa\u00edses debaten sobre humedales en Santa Fe"},"content":{"rendered":"<p>Desde la ma\u00f1ana de ayer y hasta el jueves se desarrolla en la capital provincial la tercera edici\u00f3n de la Conferencia Panamericana de Sistemas de Humedales para el Tratamiento y Mejoramiento de la Calidad del Agua.<\/p>\n<p>Desde la ma\u00f1ana de ayer y hasta el jueves se desarrolla en la capital provincial la tercera edici\u00f3n de la Conferencia Panamericana de Sistemas de Humedales para el Tratamiento y Mejoramiento de la Calidad del Agua. La actividad. que cuenta con la exposici\u00f3n de especialistas de 14 pa\u00edses, se lleva a cabo en el Paraninfo de la Universidad Nacional del Litoral (UNL). La Facultad de Ingenier\u00eda Qu\u00edmica de la UNL en conjunto con el Instituto Mexicano de Tecnolog\u00eda del Agua (Imta-M\u00e9xico), Aarhus Universitet (Dinamarca) y la Universidad Tecnol\u00f3gica de Pereira (Colombia), organizan esta conferencia con el objeto de proveer una plataforma de intercambio de conocimientos para los cient\u00edficos y t\u00e9cnicos que trabajan con humedales naturales y humedales de tratamiento en Latinoam\u00e9rica.<\/p>\n<p>En el marco de la conferencia, el gobierno de la ciudad presentar\u00e1 la Reserva Natural del Oeste. Se trata de un proyecto que lleva adelante con apoyo del Fondo Franc\u00e9s para el Medio Ambiente Mundial y que consiste en transformar las \u00e1reas de reservorios del sistema de drenaje urbano en un espacio verde de uso p\u00fablico y atractivo paisaj\u00edstico, que funcionar\u00e1 como un \u00e1rea natural protegida con senderos desde los cuales se podr\u00e1 apreciar la flora y fauna aut\u00f3ctona.<\/p>\n<p>Una de las particularidades que se destacan de la futura reserva natural es su integraci\u00f3n con la trama urbana. El proyecto, adem\u00e1s, abarca emprendimientos socioproductivos (vivero de sitio, huertas comunitarias) y un \u00abMemorial de la Inundaci\u00f3n\u00bb.<\/p>\n<p>Expertos nacionales e internacionales calificaron a la Reserva Natural del Oeste como ejemplar e innovadora, porque conjuga aspectos diversos como reducci\u00f3n del riesgo h\u00eddrico, cuidado del medio ambiente, educaci\u00f3n, ordenamiento urbano y lucha contra la pobreza y la exclusi\u00f3n social.<\/p>\n<p>En perspectiva. En el mundo existe un amplio desarrollo en el uso de humedales de tratamiento para el mejoramiento de la calidad de agua. En particular, Latinoam\u00e9rica ha alcanzado en los \u00faltimos a\u00f1os grandes avances en la tem\u00e1tica, mostrando un gran n\u00famero de humedales de tratamiento que actualmente funcionan en distintos pa\u00edses. Esta tecnolog\u00eda posee una importante implementaci\u00f3n en la depuraci\u00f3n de efluentes sanitarios, industriales y agr\u00edcolas, entre otros. Las investigaciones se dirigen hacia la b\u00fasqueda del dise\u00f1o \u00f3ptimo para obtener los mejores resultados de acuerdo a los efluentes a ser tratados.<\/p>\n<p>La primera \u00abConferencia Panamericana de Sistemas de Humedales para el Manejo, Tratamiento y Mejoramiento de la Calidad del Agua\u00bb fue realizada en 2012 en Pereira, Colombia. La segunda conferencia se llev\u00f3 a cabo en 2014 en Morelia, M\u00e9xico, bajo el auspicio del Imta.<\/p>\n<h6>Fuente: La Capital, Rosario<\/h6>\n","protected":false},"excerpt":{"rendered":"<p>Desde la ma\u00f1ana de ayer y hasta el jueves se desarrolla en la capital provincial la tercera edici\u00f3n de la Conferencia Panamericana de Sistemas de Humedales para el Tratamiento y Mejoramiento de la Calidad del Agua.<\/p>\n","protected":false},"author":2,"featured_media":48396,"comment_status":"closed","ping_status":"closed","sticky":false,"template":"","format":"standard","meta":{"footnotes":""},"categories":[2],"tags":[10],"class_list":["post-48395","post","type-post","status-publish","format-standard","has-post-thumbnail","hentry","category-informe-municipal","tag-santa-fe"],"_links":{"self":[{"href":"http:\/\/argentinamunicipal.com.ar\/argentina\/wp-json\/wp\/v2\/posts\/48395","targetHints":{"allow":["GET"]}}],"collection":[{"href":"http:\/\/argentinamunicipal.com.ar\/argentina\/wp-json\/wp\/v2\/posts"}],"about":[{"href":"http:\/\/argentinamunicipal.com.ar\/argentina\/wp-json\/wp\/v2\/types\/post"}],"author":[{"embeddable":true,"href":"http:\/\/argentinamunicipal.com.ar\/argentina\/wp-json\/wp\/v2\/users\/2"}],"replies":[{"embeddable":true,"href":"http:\/\/argentinamunicipal.com.ar\/argentina\/wp-json\/wp\/v2\/comments?post=48395"}],"version-history":[{"count":0,"href":"http:\/\/argentinamunicipal.com.ar\/argentina\/wp-json\/wp\/v2\/posts\/48395\/revisions"}],"wp:featuredmedia":[{"embeddable":true,"href":"http:\/\/argentinamunicipal.com.ar\/argentina\/wp-json\/wp\/v2\/media\/48396"}],"wp:attachment":[{"href":"http:\/\/argentinamunicipal.com.ar\/argentina\/wp-json\/wp\/v2\/media?parent=48395"}],"wp:term":[{"taxonomy":"category","embeddable":true,"href":"http:\/\/argentinamunicipal.com.ar\/argentina\/wp-json\/wp\/v2\/categories?post=48395"},{"taxonomy":"post_tag","embeddable":true,"href":"http:\/\/argentinamunicipal.com.ar\/argentina\/wp-json\/wp\/v2\/tags?post=48395"}],"curies":[{"name":"wp","href":"https:\/\/api.w.org\/{rel}","templated":true}]}}