{"id":48404,"date":"2016-05-17T06:59:45","date_gmt":"2016-05-17T09:59:45","guid":{"rendered":"http:\/\/argentinamunicipal.com.ar\/argentina\/?p=48404"},"modified":"2016-05-17T06:59:45","modified_gmt":"2016-05-17T09:59:45","slug":"concurso-ideas-reconvertir-recuperar-espacios-rosario","status":"publish","type":"post","link":"http:\/\/argentinamunicipal.com.ar\/argentina\/concurso-ideas-reconvertir-recuperar-espacios-rosario\/","title":{"rendered":"Concurso de ideas para reconvertir y recuperar espacios de Rosario"},"content":{"rendered":"<p>Tambi\u00e9n se ver\u00e1n beneficiados lugares de Capit\u00e1n Berm\u00fadez, Funes, Villa Gobernador G\u00e1lvez, Alvear y Pueblo Esther.<\/p>\n<p>El gobernador de Santa Fe, Miguel Lifschitz, y la intendente de Rosario, M\u00f3nica Fein, firmaron este lunes un convenio con los colegios de arquitectura de la provincia y del Distrito 2 Rosario para el llamado al Concurso Iberoamericano de Ideas para el \u00c1rea Metropolitana.<\/p>\n<p>Las intervenciones que abordar\u00e1 el concurso son: Reestructuraci\u00f3n de la costa en Capit\u00e1n Berm\u00fadez, Parque Bosque de los Constituyentes en Rosario, Parque Recreativo Metropolitano Arroyo Ludue\u00f1a en Funes, Parque Recreativo Metropolitano Balneario Los \u00c1ngeles en Rosario y Villa Gobernador G\u00e1lvez y el Parque Habitacional Metropolitano Arroyo Fr\u00edas en Alvear y Pueblo Esther.<\/p>\n<p>\u201cEstamos ilusionados con esta experiencia de las \u00e1reas metropolitanas que comenz\u00f3 en Rosario y que ahora queremos trasladar a los cinco nodos, porque este es un trabajo de autogesti\u00f3n de los municipios, la provincia, acompa\u00f1a, apoya, promueve y financia algunos proyectos, pero la iniciativa es local y de esta manera promover el desarrollo de toda la regi\u00f3n\u201d, dijo el gobernador.<\/p>\n<p>\u201cEstamos pensando a futuro, estamos pensando para diez o quince a\u00f1os para adelante, porque el Ente de Coordinaci\u00f3n Metropolitana, no solo es un ente de planificaci\u00f3n, y de an\u00e1lisis sobre la realidad, sino que adem\u00e1s es un ente de gesti\u00f3n\u201d, afirm\u00f3 Lifschitz.<\/p>\n<p>Por su parte, la intendenta M\u00f3nica Fein destac\u00f3 que \u201cestamos en un momento que se va a escribir en la historia del \u00e1rea metropolitana y de la ciudad, este trabajo fue consolid\u00e1ndose con los presidentes comunales e intendentes, por eso hay que rescatar la idea de convocar a pensar juntos el desarrollo provincial\u201d.<\/p>\n<p><strong>EL CONCURSO<\/strong><\/p>\n<p>Se constituye como un \u00e1mbito de reflexi\u00f3n conceptual y propuesta de proyectos preliminares para cinco sitios de valor estrat\u00e9gico del \u00c1rea Metropolitana de Rosario que presentan caracter\u00edsticas particulares dadas por su posicionamiento territorial, por cercan\u00edas con zonas residenciales y por la vinculaci\u00f3n que establecen con sistemas naturales y v\u00edas de comunicaci\u00f3n.<\/p>\n<p>Las intervenciones que abordar\u00e1 el concurso son: Reestructuraci\u00f3n de la costa en Capit\u00e1n Berm\u00fadez, Parque Bosque de los Constituyentes en Rosario, Parque Recreativo Metropolitano Arroyo Ludue\u00f1a en Funes, Parque Recreativo Metropolitano Balneario Los \u00c1ngeles en Rosario y Villa Gobernador G\u00e1lvez, Parque Habitacional Metropolitano Arroyo Fr\u00edas en Alvear y Pueblo Esther.<\/p>\n<p>La directora General del Ente de Coordinaci\u00f3n Metropolitana (ECOM), la arquitecta Mirta Levin, destac\u00f3 que \u201clos concursos son una convocatoria a la reflexi\u00f3n, estamos poniendo sobre la mesa y para el debate, la visualizaci\u00f3n de las principales piezas del \u00e1rea metropolitana, y queremos que se discuta sobre el futuro de estas \u00e1reas que est\u00e1n muy bien posicionadas\u201d.<\/p>\n<p><strong>PRESENTES<\/strong><\/p>\n<p>Participaron del lanzamiento intendentes y presidentes comunales que integran el Ente de Coordinaci\u00f3n Metropolitana de Rosario, las presidentas de los colegios de arquitectos de la provincia de Santa Fe, Marta Ruarte, y de Rosario, Irene Pereyra, entre otras autoridades.<\/p>\n<h6>Fuente: sin Mordaza<\/h6>\n","protected":false},"excerpt":{"rendered":"<p>Tambi\u00e9n se ver\u00e1n beneficiados lugares de Capit\u00e1n Berm\u00fadez, Funes, Villa Gobernador G\u00e1lvez, Alvear y Pueblo Esther.<\/p>\n","protected":false},"author":2,"featured_media":48405,"comment_status":"closed","ping_status":"closed","sticky":false,"template":"","format":"standard","meta":{"footnotes":""},"categories":[2],"tags":[10],"class_list":["post-48404","post","type-post","status-publish","format-standard","has-post-thumbnail","hentry","category-informe-municipal","tag-santa-fe"],"_links":{"self":[{"href":"http:\/\/argentinamunicipal.com.ar\/argentina\/wp-json\/wp\/v2\/posts\/48404","targetHints":{"allow":["GET"]}}],"collection":[{"href":"http:\/\/argentinamunicipal.com.ar\/argentina\/wp-json\/wp\/v2\/posts"}],"about":[{"href":"http:\/\/argentinamunicipal.com.ar\/argentina\/wp-json\/wp\/v2\/types\/post"}],"author":[{"embeddable":true,"href":"http:\/\/argentinamunicipal.com.ar\/argentina\/wp-json\/wp\/v2\/users\/2"}],"replies":[{"embeddable":true,"href":"http:\/\/argentinamunicipal.com.ar\/argentina\/wp-json\/wp\/v2\/comments?post=48404"}],"version-history":[{"count":0,"href":"http:\/\/argentinamunicipal.com.ar\/argentina\/wp-json\/wp\/v2\/posts\/48404\/revisions"}],"wp:featuredmedia":[{"embeddable":true,"href":"http:\/\/argentinamunicipal.com.ar\/argentina\/wp-json\/wp\/v2\/media\/48405"}],"wp:attachment":[{"href":"http:\/\/argentinamunicipal.com.ar\/argentina\/wp-json\/wp\/v2\/media?parent=48404"}],"wp:term":[{"taxonomy":"category","embeddable":true,"href":"http:\/\/argentinamunicipal.com.ar\/argentina\/wp-json\/wp\/v2\/categories?post=48404"},{"taxonomy":"post_tag","embeddable":true,"href":"http:\/\/argentinamunicipal.com.ar\/argentina\/wp-json\/wp\/v2\/tags?post=48404"}],"curies":[{"name":"wp","href":"https:\/\/api.w.org\/{rel}","templated":true}]}}