{"id":48422,"date":"2016-05-17T07:43:14","date_gmt":"2016-05-17T10:43:14","guid":{"rendered":"http:\/\/argentinamunicipal.com.ar\/argentina\/?p=48422"},"modified":"2016-05-17T07:43:14","modified_gmt":"2016-05-17T10:43:14","slug":"48422-2","status":"publish","type":"post","link":"http:\/\/argentinamunicipal.com.ar\/argentina\/48422-2\/","title":{"rendered":"Naci\u00f3n acord\u00f3 la devoluci\u00f3n del 15% de coparticipaci\u00f3n con Jujuy, Chubut, Neuqu\u00e9n y Tucum\u00e1n"},"content":{"rendered":"<p>As\u00ed la Naci\u00f3n espera desalentar la aprobaci\u00f3n de la Ley Antidespidos.<\/p>\n<p>El Gobierno nacional firm\u00f3 este lunes acuerdos con Jujuy, Chubut, Neuqu\u00e9n y Tucum\u00e1n para la devoluci\u00f3n<br \/>\nescalonada del 15 por ciento en materia de Coparticipaci\u00f3n Federal para esas provincias, lo que terminar\u00e1 con el actual esquema fijado en 1992.<\/p>\n<p>Con esta devoluci\u00f3n de fondos, que atiende un reclamo hist\u00f3rico de las provincias por p\u00e9rdida de puntos en coparticipaci\u00f3n, el Gobierno apunta tambi\u00e9n a mantener en l\u00ednea a los gobernadores, varios peronistas, y desalentar la aprobaci\u00f3n de la Ley antidespidos que la Casa Rosada resiste.<\/p>\n<p>El ministro del Interior, Rogelio Frigerio, firm\u00f3 en la Casa Rosada, por separado, los cuatro primeros acuerdos con los gobernadores Gerardo Morales, Marios Das Neves, Omar Guti\u00e9rrez, y Juan Manzur.<\/p>\n<p>Fue en el marco de la iniciativa de la gesti\u00f3n de Mauricio Macri de atender este reclamo de las provincias para recuperar los puntos que perdieron de coparticipaci\u00f3n federal, luego de que en los a\u00f1os del kirchnerismo la Naci\u00f3n pasara a controlar el 70% de la recaudaci\u00f3n, en lugar del 50.<\/p>\n<p>El acuerdo llega justo en el momento en que la Casa Rosada busca hacer naufragar la aprobaci\u00f3n del proyecto de ley que pretende suspender despidos por 180 d\u00edas, cuyo debate se alargar\u00e1 debido a que ahora se tratar\u00e1 en el Congreso un nuevo proyecto que deber\u00e1 volver al Senado y luego a Diputados.<\/p>\n<p>En ese marco, el Gobierno devolver\u00e1 a las provincias un monto algo mayor del que se esperaba y ahora meter\u00e1 presi\u00f3n a los gobernadores para que, a trav\u00e9s de los legisladores que les responden en ambas c\u00e1maras, se evite avanzar con el proyecto que rechaza el macrismo.<\/p>\n<p>En cada caso el convenio es el mismo y establece que la devoluci\u00f3n del 15% ser\u00e1 en forma progresiva y escalonada durante 2016, 2017, 2018, 2019 y 2020, a raz\u00f3n de 3% anual, y deber\u00e1 ser refrendado por el Congreso de la Naci\u00f3n y las respectivas Legislaturas provinciales.<\/p>\n<p>A partir de 2020 y en adelante, la detracci\u00f3n por parte de la Naci\u00f3n ser\u00e1 de 0%, se indic\u00f3 sobre el acuerdo, el cual se espera que en las pr\u00f3ximas semanas sea rubricado por m\u00e1s provincias.<\/p>\n<p>Luego de firmar los convenios, Frigerio confirm\u00f3 que este mi\u00e9rcoles se reunir\u00e1 con todos los gobernadores \u00abpara avanzar en una enorme agenda de temas que tenemos para trabajar en pos de un pa\u00eds m\u00e1s federal\u00bb, despu\u00e9s de lo que consider\u00f3 \u00abdoce a\u00f1os de unitarismo y concentraci\u00f3n de poder y recursos\u00bb por parte de la Naci\u00f3n.<\/p>\n<p>La Casa Rosada, adem\u00e1s, generar\u00e1 instrumentos necesarios y\/o instruir\u00e1, en su caso, al Fondo de Garant\u00eda de Sustentabilidad, para que se otorgue a las provincias un pr\u00e9stamo que ser\u00e1 equivalente a seis puntos porcentuales en 2016 (si no se aplicara la detracci\u00f3n del 15%), y de un monto equivalente a tres puntos porcentuales para cada uno de los per\u00edodos 2017, 2018 y 2019.<\/p>\n<p>Los intereses de dicho pr\u00e9stamo no se capitalizar\u00e1n y se devengar\u00e1n a partir del d\u00eda de cada desembolso, se pagar\u00e1n semestralmente y se calcular\u00e1n con una tasa del quince por ciento (15%) anual vencida para el a\u00f1o 2016 y 2017, y del 12% anual vencida para el a\u00f1o 2018 y 2019, se indic\u00f3.<\/p>\n<p>Si en 2020 las provincias tuvieran deudas remanentes con la Naci\u00f3n que pudieran ser objeto de compensaci\u00f3n con los cr\u00e9ditos en concepto de coparticipaci\u00f3n federal, la compensaci\u00f3n no podr\u00e1 afectar m\u00e1s de un tercio de los ingresos que se generen a favor de la Provincia, detall\u00f3 el Gobierno.<\/p>\n<p>\u00abLa provincia de Jujuy fue la primera que firma el acuerdo por la devoluci\u00f3n del 15% de coparticipaci\u00f3n en un plazo de cuatro a\u00f1os, con lo cual todas las jurisdicciones del pa\u00eds van a contar con m\u00e1s recursos y esperemos tambi\u00e9n con la posibilidad de hacer mas obras y resolverle m\u00e1s problemas a todos los argentinos\u00bb, sostuvo Frigerio, en un comunicado de prensa, luego de firmar por la ma\u00f1ana el convenio con el gobernador Morales.<\/p>\n<p>Por su parte, el mandatario juje\u00f1o e integrante del frente Cambiemos opin\u00f3 que \u00abel Gobierno nacional ha puesto sobre la mesa la agenda de la coparticipaci\u00f3n y en particular de reclamos de todas las provincias\u00bb, al tiempo que consider\u00f3 que \u00abla propuesta de devoluci\u00f3n del 15% es muy buena\u00bb.<\/p>\n<p>\u00abUn esquema de devoluci\u00f3n de financiamiento que va a servir para que podamos resolver problemas fiscales y podamos mejorar el ritmo de obras p\u00fablicas. La verdad que muy agradecidos con la propuesta y conformes con el acuerdo que acabamos de firmar con el ministro\u00bb, destac\u00f3 Morales.<\/p>\n<p>Luego fue el turno del gobernador de Chubut, Mario Das Neves,quien acudi\u00f3 a la Rosada para rubricar el mismo acuerdo con Frigerio.<\/p>\n<p>En tercer lugar, el ministro hizo lo propio con el mandatario tucumano y afirm\u00f3: \u00abAgradecemos al gobernador Manzur que ha venido hasta Buenos Aires para sellar el tercer acuerdo del d\u00eda de devoluci\u00f3n del 15% a las provincias\u00bb.<\/p>\n<p>Por \u00faltimo, el gobernador neuquino Omar Guti\u00e9rrez, quien dijo estar \u00abmuy contento\u00bb porque con esta iniciativa \u00abse zanja una situaci\u00f3n conflictiva y a partir de ahora se pone proa hacia adelante para desarrollar las econom\u00edas regionales\u00bb.<\/p>\n<h6>Fuente: Uno Mendoza<\/h6>\n","protected":false},"excerpt":{"rendered":"<p>As\u00ed la Naci\u00f3n espera desalentar la aprobaci\u00f3n de la Ley Antidespidos.<\/p>\n","protected":false},"author":2,"featured_media":48423,"comment_status":"closed","ping_status":"closed","sticky":false,"template":"","format":"standard","meta":{"footnotes":""},"categories":[65],"tags":[21],"class_list":["post-48422","post","type-post","status-publish","format-standard","has-post-thumbnail","hentry","category-provincias","tag-argentina"],"_links":{"self":[{"href":"http:\/\/argentinamunicipal.com.ar\/argentina\/wp-json\/wp\/v2\/posts\/48422","targetHints":{"allow":["GET"]}}],"collection":[{"href":"http:\/\/argentinamunicipal.com.ar\/argentina\/wp-json\/wp\/v2\/posts"}],"about":[{"href":"http:\/\/argentinamunicipal.com.ar\/argentina\/wp-json\/wp\/v2\/types\/post"}],"author":[{"embeddable":true,"href":"http:\/\/argentinamunicipal.com.ar\/argentina\/wp-json\/wp\/v2\/users\/2"}],"replies":[{"embeddable":true,"href":"http:\/\/argentinamunicipal.com.ar\/argentina\/wp-json\/wp\/v2\/comments?post=48422"}],"version-history":[{"count":0,"href":"http:\/\/argentinamunicipal.com.ar\/argentina\/wp-json\/wp\/v2\/posts\/48422\/revisions"}],"wp:featuredmedia":[{"embeddable":true,"href":"http:\/\/argentinamunicipal.com.ar\/argentina\/wp-json\/wp\/v2\/media\/48423"}],"wp:attachment":[{"href":"http:\/\/argentinamunicipal.com.ar\/argentina\/wp-json\/wp\/v2\/media?parent=48422"}],"wp:term":[{"taxonomy":"category","embeddable":true,"href":"http:\/\/argentinamunicipal.com.ar\/argentina\/wp-json\/wp\/v2\/categories?post=48422"},{"taxonomy":"post_tag","embeddable":true,"href":"http:\/\/argentinamunicipal.com.ar\/argentina\/wp-json\/wp\/v2\/tags?post=48422"}],"curies":[{"name":"wp","href":"https:\/\/api.w.org\/{rel}","templated":true}]}}