{"id":48453,"date":"2016-05-18T06:32:10","date_gmt":"2016-05-18T09:32:10","guid":{"rendered":"http:\/\/argentinamunicipal.com.ar\/argentina\/?p=48453"},"modified":"2016-05-18T06:32:10","modified_gmt":"2016-05-18T09:32:10","slug":"intendentes-del-frente-renovador-respaldan-saenz-la-fam-no-cierran-la-discusion","status":"publish","type":"post","link":"http:\/\/argentinamunicipal.com.ar\/argentina\/intendentes-del-frente-renovador-respaldan-saenz-la-fam-no-cierran-la-discusion\/","title":{"rendered":"Intendentes del Frente Renovador respaldan a S\u00e1enz para la FAM pero no cierran la discusi\u00f3n"},"content":{"rendered":"<p>Ayer, dos de los diez jefes comunales que tiene el massismo en la Provincia fueron a la Casa Rosada a escuchar a Frigerio y apoyaron al salte\u00f1o. Pero la lista de nombres no est\u00e1 cerrada y hay diferencias hacia el interior.<\/p>\n<p>Mientras el oficialismo intenta concentrar la mayor cantidad de intendentes del pa\u00eds para consensuar un candidato que presida la Federaci\u00f3n Argentina de Municipios (FAM), el Frente Renovador dio su apoyo al salte\u00f1o Gustavo Sa\u00e9nz y dej\u00f3 abierta la discusi\u00f3n de la que podr\u00edan surgir otros nombres.<\/p>\n<p>En un nuevo cap\u00edtulo por la disputa de la FAM, actualmente en manos del FpV, dos de los diez intendentes bonaerenses que tiene el massismo viajaron ayer hasta la Casa Rosada para participar de una cita convocada por el Gobierno. En el encuentro, del que formaron parte unos 60 intendentes de todo el pa\u00eds, escucharon la propuesta del ministro del Interior, Rogelio Frigerio, y elogiaron a S\u00e1enz, su posible candidato.<\/p>\n<p>\u201cNosotros desde el Frente Renovador proponemos a S\u00e1enz como presidente de la FAM\u201d, dijo a INFOCIELO el intendente de General Alvarado, Germ\u00e1n Di Cesare. Y neg\u00f3 que su espacio haya tomado una decisi\u00f3n sobre la posibilidad de que Cambiemos cuente con el aval para quedarse con el control de la Federaci\u00f3n: \u201cNos citaron y fuimos a escuchar, pero en ning\u00fan momento tomamos postura\u201d.<\/p>\n<p>Pese al respaldo al salte\u00f1o por \u201csu trayectoria y capacidad\u201d, el intendente de Chascom\u00fas, Javier Gast\u00f3n, evit\u00f3 cerrar la discusi\u00f3n y asegur\u00f3 \u201ctodav\u00eda no hay una posici\u00f3n muy un\u00e1nime\u201d. \u201cNo se habl\u00f3 de ning\u00fan nombre propio en la reuni\u00f3n, habr\u00e1 que sentarse y ver los intendentes del FR cu\u00e1l es la propuesta que vamos a llevar adelante y el nucleamiento que mejor nos sirve\u201d, lanz\u00f3 el jefe comunal en di\u00e1logo con este portal.<\/p>\n<p>Durante la reuni\u00f3n, el subsecretario de Gesti\u00f3n Municipales, Lucas Delfino, plante\u00f3 la idea de que el organismo \u201cdeje de ser una sede del PJ donde se dirime la interna peronista\u201d y pidi\u00f3 construir un espacio que \u201crepresente a todos los intendentes y no a los peronistas del Conurbano\u201d. Por Buenos Aires lo escuchaban adem\u00e1s de Di Cesare y Gast\u00f3n, los oficialistas H\u00e9ctor Gay (Bah\u00eda Blanca), Mart\u00edn Yeza (Pinamar), Martiniano Molina (Quilmes) y Nicol\u00e1s Ducot\u00e9 (Pilar), uno de los candidatos del oficialismo para la conducci\u00f3n junto al radical cordob\u00e9s Ram\u00f3n Mestre.<\/p>\n<p>Pese a los matices en la intensidad de las cr\u00edticas, todos coinciden en valorar a la FAM y dar la pelea para que no vuelve a quedar en manos del FpV. \u201cEs un gran instrumento para los municipios para sintetizar las problem\u00e1ticas que vamos teniendo, buscar las autonom\u00edas municipales, que haya mayor federalismo, todo lo que uno anhela. Siempre hay cosas para rescatar, pero lo que estaba hay que mejorarlo y aggiornarlo\u201d, agreg\u00f3 Di Cesare a este portal.<\/p>\n<p>Por su parte, Gast\u00f3n pidi\u00f3 \u201cun cambio para (la Federaci\u00f3n) que no quede presa de grupos pol\u00edticos, porque hace ya muchos a\u00f1os que est\u00e1 en menos de PJ y es bueno que se d\u00e9 una alternancia\u201d.<\/p>\n<h6>Fuente: InfoCielo<\/h6>\n","protected":false},"excerpt":{"rendered":"<p>Ayer, dos de los diez jefes comunales que tiene el massismo en la Provincia fueron a la Casa Rosada a escuchar a Frigerio y apoyaron al salte\u00f1o. Pero la lista de nombres no est\u00e1 cerrada y hay diferencias hacia el interior.<\/p>\n","protected":false},"author":2,"featured_media":48454,"comment_status":"closed","ping_status":"closed","sticky":false,"template":"","format":"standard","meta":{"footnotes":""},"categories":[4],"tags":[12],"class_list":["post-48453","post","type-post","status-publish","format-standard","has-post-thumbnail","hentry","category-informe-politico","tag-buenos-aires"],"_links":{"self":[{"href":"http:\/\/argentinamunicipal.com.ar\/argentina\/wp-json\/wp\/v2\/posts\/48453","targetHints":{"allow":["GET"]}}],"collection":[{"href":"http:\/\/argentinamunicipal.com.ar\/argentina\/wp-json\/wp\/v2\/posts"}],"about":[{"href":"http:\/\/argentinamunicipal.com.ar\/argentina\/wp-json\/wp\/v2\/types\/post"}],"author":[{"embeddable":true,"href":"http:\/\/argentinamunicipal.com.ar\/argentina\/wp-json\/wp\/v2\/users\/2"}],"replies":[{"embeddable":true,"href":"http:\/\/argentinamunicipal.com.ar\/argentina\/wp-json\/wp\/v2\/comments?post=48453"}],"version-history":[{"count":0,"href":"http:\/\/argentinamunicipal.com.ar\/argentina\/wp-json\/wp\/v2\/posts\/48453\/revisions"}],"wp:featuredmedia":[{"embeddable":true,"href":"http:\/\/argentinamunicipal.com.ar\/argentina\/wp-json\/wp\/v2\/media\/48454"}],"wp:attachment":[{"href":"http:\/\/argentinamunicipal.com.ar\/argentina\/wp-json\/wp\/v2\/media?parent=48453"}],"wp:term":[{"taxonomy":"category","embeddable":true,"href":"http:\/\/argentinamunicipal.com.ar\/argentina\/wp-json\/wp\/v2\/categories?post=48453"},{"taxonomy":"post_tag","embeddable":true,"href":"http:\/\/argentinamunicipal.com.ar\/argentina\/wp-json\/wp\/v2\/tags?post=48453"}],"curies":[{"name":"wp","href":"https:\/\/api.w.org\/{rel}","templated":true}]}}