{"id":48471,"date":"2016-05-18T07:12:25","date_gmt":"2016-05-18T10:12:25","guid":{"rendered":"http:\/\/argentinamunicipal.com.ar\/argentina\/?p=48471"},"modified":"2016-05-18T07:12:25","modified_gmt":"2016-05-18T10:12:25","slug":"cumbre-gobernadores-corrientes-podria-sellar-acuerdo-la-coparticipacion","status":"publish","type":"post","link":"http:\/\/argentinamunicipal.com.ar\/argentina\/cumbre-gobernadores-corrientes-podria-sellar-acuerdo-la-coparticipacion\/","title":{"rendered":"En cumbre de gobernadores, Corrientes podr\u00eda sellar acuerdo por la coparticipaci\u00f3n"},"content":{"rendered":"<p>La Provincia estar\u00eda cercana a adherir hoy junto a otras jurisdicciones a un acuerdo por la devoluci\u00f3n del 15 por ciento.\u00a0La Naci\u00f3n ofrece un pago escalonado y gradual a raz\u00f3n del 3 por ciento anual. Misiones suscribi\u00f3 ayer.<\/p>\n<p>Est\u00e1 previsto que gran parte de los gobernadores del pa\u00eds se re\u00fanan hoy en C\u00f3rdoba en una cumbre para acordar los conflictos por la repartici\u00f3n de la coparticipaci\u00f3n federal. Ricardo Colombi viaj\u00f3 ayer junto al ministro de Hacienda, Enrique Vaz Torres, para reunirse con sus pares y analizar los pormenores de \u00a0una posible firma.<\/p>\n<p>Misiones fue la primera del NEA en suscribir al convenio con el Gobierno nacional. Ayer el gobernador de la vecina provincia, Hugo Passalacqua, adhiri\u00f3 a la propuesta de devoluci\u00f3n en forma gradual y escalonada.<\/p>\n<p>Esto representa recuperar en 2016 un 3 por ciento, con la posibilidad de un pr\u00e9stamo del Fondo de Garant\u00eda de Sustentabilidad de Anses por otro 6 por ciento. La devoluci\u00f3n tendr\u00e1 un crecimiento gradual hasta 2020 para llegar al 15 por ciento, retenci\u00f3n que se origina en 1992.<\/p>\n<p>El convenio es similar al rubricado el lunes por otras cuatro provincias. Estas son Jujuy, Chubut, Tucum\u00e1n y Neuqu\u00e9n, jurisdicciones que se sumar\u00e1n a C\u00f3rdoba, San Luis y Santa Fe en la resoluci\u00f3n del conflicto por la coparticipaci\u00f3n. Estas \u00faltimas percibir\u00e1n por orden de la Corte Suprema de Justicia, con fallo a favor.<\/p>\n<p>En relaci\u00f3n con el convenio, ser\u00eda similar para todas las provincias. No obstante cada jurisdicci\u00f3n analiza sus particularidades. Colombi se mostr\u00f3 con tono conciliador el pasado lunes al considerar que la Naci\u00f3n \u201cest\u00e1 en una situaci\u00f3n complicada\u201d, por lo que la devoluci\u00f3n podr\u00eda realizarse en una sola cuota. Si bien no confirm\u00f3 oficialmente la firma, \u00e9ste envi\u00f3 varios gui\u00f1os a la Naci\u00f3n que marcan el camino hacia un acuerdo.<\/p>\n<p>Ayer cerca de las 16 parti\u00f3 en vuelo rumbo a C\u00f3rdoba en compa\u00f1\u00eda del titular de la cartera econ\u00f3mica provincial.<\/p>\n<p>Estaba previsto que se encuentre con otros mandatarios mientras analizaba la letra del convenio. El acto central ser\u00e1 este mediod\u00eda, donde el ministro del Interior de la Naci\u00f3n, Rogelio Frigerio, buscar\u00e1 reunir a gran parte de los gobernadores para firmar un convenio marco. El cordob\u00e9s Juan Schiaretti ser\u00e1 el anfitri\u00f3n.<\/p>\n<p>Colombi ya hab\u00eda recibido en mano la propuesta de la Naci\u00f3n la semana pasada cuando se reuni\u00f3 con el secretario de Provincias de la Naci\u00f3n, Alejandro Caldarelli. Tambi\u00e9n estuvo presente el titular de Hacienda y Finanzas de Corrientes.<\/p>\n<p>\u201cHay que aprovechar esta nueva relaci\u00f3n entre la Naci\u00f3n y las provincias para ordenar entre todos de qu\u00e9 es responsable cada quien\u201d, dijo ayer el ministro Frigerio tras firmar con Misiones. Adem\u00e1s manifest\u00f3 que as\u00ed se favorecer\u00e1 el control de la ciudadan\u00eda de los actos de gobierno.<\/p>\n<p>\u201cQueremos empezar a darle a las provincias lo que merecen\u201d, afirm\u00f3 ayer el secretario de Interior de la Naci\u00f3n, Sebasti\u00e1n Garc\u00eda De Luca, respecto de la cumbre de hoy. El objetivo de la reuni\u00f3n \u201ces que las provincias se sumen a nuestra propuesta de darles el 15 por ciento para terminar con esta Argentina donde el gobierno concentraba recursos\u201d, expres\u00f3 el funcionario nacional a Radio 10.<\/p>\n<p>\u201cQueremos administrar mejor los fondos para que cada gobernador pueda decidir con m\u00e1s ingresos cu\u00e1les son las obras en sus provincias\u201d, explic\u00f3 el secretario de Interior. Asimismo se\u00f1al\u00f3 que cada gobernador va a poder cumplir sus necesidades. \u201cTuvimos un inicio donde el gobierno anterior nos dej\u00f3 en una situaci\u00f3n muy complicada desde lo financiero, pero estaremos siempre buscando soluciones\u201d, sostuvo el funcionario nacional antes de la reuni\u00f3n que se realizar\u00e1 esta ma\u00f1ana.<\/p>\n<h6>Fuente: El Litoral Corrientes<\/h6>\n","protected":false},"excerpt":{"rendered":"<p>La Provincia estar\u00eda cercana a adherir hoy junto a otras jurisdicciones a un acuerdo por la devoluci\u00f3n del 15 por ciento. La Naci\u00f3n ofrece un pago escalonado y gradual a raz\u00f3n del 3 por ciento anual. Misiones suscribi\u00f3 ayer.<\/p>\n","protected":false},"author":2,"featured_media":48472,"comment_status":"closed","ping_status":"closed","sticky":false,"template":"","format":"standard","meta":{"footnotes":""},"categories":[65],"tags":[13],"class_list":["post-48471","post","type-post","status-publish","format-standard","has-post-thumbnail","hentry","category-provincias","tag-corrientes"],"_links":{"self":[{"href":"http:\/\/argentinamunicipal.com.ar\/argentina\/wp-json\/wp\/v2\/posts\/48471","targetHints":{"allow":["GET"]}}],"collection":[{"href":"http:\/\/argentinamunicipal.com.ar\/argentina\/wp-json\/wp\/v2\/posts"}],"about":[{"href":"http:\/\/argentinamunicipal.com.ar\/argentina\/wp-json\/wp\/v2\/types\/post"}],"author":[{"embeddable":true,"href":"http:\/\/argentinamunicipal.com.ar\/argentina\/wp-json\/wp\/v2\/users\/2"}],"replies":[{"embeddable":true,"href":"http:\/\/argentinamunicipal.com.ar\/argentina\/wp-json\/wp\/v2\/comments?post=48471"}],"version-history":[{"count":0,"href":"http:\/\/argentinamunicipal.com.ar\/argentina\/wp-json\/wp\/v2\/posts\/48471\/revisions"}],"wp:featuredmedia":[{"embeddable":true,"href":"http:\/\/argentinamunicipal.com.ar\/argentina\/wp-json\/wp\/v2\/media\/48472"}],"wp:attachment":[{"href":"http:\/\/argentinamunicipal.com.ar\/argentina\/wp-json\/wp\/v2\/media?parent=48471"}],"wp:term":[{"taxonomy":"category","embeddable":true,"href":"http:\/\/argentinamunicipal.com.ar\/argentina\/wp-json\/wp\/v2\/categories?post=48471"},{"taxonomy":"post_tag","embeddable":true,"href":"http:\/\/argentinamunicipal.com.ar\/argentina\/wp-json\/wp\/v2\/tags?post=48471"}],"curies":[{"name":"wp","href":"https:\/\/api.w.org\/{rel}","templated":true}]}}